{"id":1072,"date":"2017-12-22T12:26:46","date_gmt":"2017-12-22T15:26:46","guid":{"rendered":"http:\/\/teamscrumhalf.com\/?p=1072"},"modified":"2024-09-30T14:14:05","modified_gmt":"2024-09-30T14:14:05","slug":"startup-rio-palestra-scrum-agilidade","status":"publish","type":"post","link":"https:\/\/beeplus.io\/blog\/startup-rio-palestra-scrum-agilidade\/","title":{"rendered":"Team ScrumHalf Apresenta Palestra sobre Scrum e Agilidade no Startup Rio"},"content":{"rendered":"<p>No dia 21 de dezembro, o <strong>Team ScrumHalf<\/strong> realizou uma palestra introdut\u00f3ria sobre <strong>Scrum<\/strong> e <strong>agilidade<\/strong> no <strong>Startup Rio<\/strong>. O evento, que contou com o apoio do <strong>SEBRAE-RJ<\/strong>, foi direcionado principalmente aos empreendedores das startups residentes, oferecendo uma imers\u00e3o de duas horas no <strong>framework Scrum<\/strong>. Durante o encontro, os participantes puderam esclarecer d\u00favidas diretamente com o <strong>CEO<\/strong> e <strong>P.O.<\/strong> do <strong>ScrumHalf Agile Manager<\/strong>, <strong>Jos\u00e9 Rodrigues<\/strong>.<\/p>\n<p>A gest\u00e3o \u00e1gil envolve mudan\u00e7as tanto organizacionais quanto culturais, especialmente relevantes para startups, como as que fazem parte do <strong>Startup Rio<\/strong>. Pr\u00e1ticas \u00e1geis, como o <strong>Scrum<\/strong>, se mostram particularmente eficazes para aplicar o conceito <strong>Lean<\/strong>. No entanto, a ado\u00e7\u00e3o da agilidade vai al\u00e9m de simplesmente seguir processos; ela exige um conhecimento profundo, desafiando a vis\u00e3o de muitos que acreditam ser uma transi\u00e7\u00e3o simples.<\/p>\n<p>Al\u00e9m de aprenderem mais sobre os conceitos e pr\u00e1ticas do Scrum, os participantes puderam trocar ideias e experi\u00eancias com um <strong>Product Owner<\/strong> (P.O.) que lidera uma startup totalmente baseada nesse framework. O evento tamb\u00e9m proporcionou uma valiosa oportunidade para discutir os desafios do empreendedorismo e como a agilidade pode impulsionar o crescimento de neg\u00f3cios emergentes.<\/p>\n","protected":false},"excerpt":{"rendered":"<p>No dia 21 de dezembro, o Team ScrumHalf realizou uma palestra introdut\u00f3ria&hellip;<\/p>\n","protected":false},"author":5,"featured_media":11606,"comment_status":"closed","ping_status":"open","sticky":false,"template":"","format":"standard","meta":{"footnotes":""},"categories":[48,49],"tags":[50],"class_list":["post-1072","post","type-post","status-publish","format-standard","has-post-thumbnail","hentry","category-blogbeeplus","category-novidades-noticias-news","tag-frontpage","entry"],"yoast_head":"<!-- This site is optimized with the Yoast SEO plugin v27.2 - https:\/\/yoast.com\/product\/yoast-seo-wordpress\/ -->\n<title>ScrumHalf Agile Manager no Startup Rio<\/title>\n<meta name=\"robots\" content=\"index, follow, max-snippet:-1, max-image-preview:large, max-video-preview:-1\" \/>\n<link rel=\"canonical\" href=\"https:\/\/beeplus.io\/blog\/startup-rio-palestra-scrum-agilidade\/\" \/>\n<meta property=\"og:locale\" content=\"pt_BR\" \/>\n<meta property=\"og:type\" content=\"article\" \/>\n<meta property=\"og:title\" content=\"ScrumHalf Agile Manager no Startup Rio\" \/>\n<meta property=\"og:description\" content=\"No dia 21 de dezembro, o Team ScrumHalf realizou uma palestra introdut\u00f3ria&hellip;\" \/>\n<meta property=\"og:url\" content=\"https:\/\/beeplus.io\/blog\/startup-rio-palestra-scrum-agilidade\/\" \/>\n<meta property=\"og:site_name\" content=\"BeePlus\" \/>\n<meta property=\"article:published_time\" content=\"2017-12-22T15:26:46+00:00\" \/>\n<meta property=\"article:modified_time\" content=\"2024-09-30T14:14:05+00:00\" \/>\n<meta property=\"og:image\" content=\"https:\/\/beeplus.io\/blog\/wp-content\/uploads\/2017\/03\/4.png\" \/>\n\t<meta property=\"og:image:width\" content=\"736\" \/>\n\t<meta property=\"og:image:height\" content=\"488\" \/>\n\t<meta property=\"og:image:type\" content=\"image\/png\" \/>\n<meta name=\"author\" content=\"Z\u00e9 Neto, CEO e Founder\" \/>\n<meta name=\"twitter:card\" content=\"summary_large_image\" \/>\n<meta name=\"twitter:label1\" content=\"Escrito por\" \/>\n\t<meta name=\"twitter:data1\" content=\"Z\u00e9 Neto, CEO e Founder\" \/>\n\t<meta name=\"twitter:label2\" content=\"Est. tempo de leitura\" \/>\n\t<meta name=\"twitter:data2\" content=\"1 minuto\" \/>\n<script type=\"application\/ld+json\" class=\"yoast-schema-graph\">{\"@context\":\"https:\/\/schema.org\",\"@graph\":[{\"@type\":\"Article\",\"@id\":\"https:\/\/beeplus.io\/blog\/startup-rio-palestra-scrum-agilidade\/#article\",\"isPartOf\":{\"@id\":\"https:\/\/beeplus.io\/blog\/startup-rio-palestra-scrum-agilidade\/\"},\"author\":{\"name\":\"Z\u00e9 Neto, CEO e Founder\",\"@id\":\"https:\/\/beeplus.io\/blog\/#\/schema\/person\/9ace617870ba198fab37b245702be864\"},\"headline\":\"Team ScrumHalf Apresenta Palestra sobre Scrum e Agilidade no Startup Rio\",\"datePublished\":\"2017-12-22T15:26:46+00:00\",\"dateModified\":\"2024-09-30T14:14:05+00:00\",\"mainEntityOfPage\":{\"@id\":\"https:\/\/beeplus.io\/blog\/startup-rio-palestra-scrum-agilidade\/\"},\"wordCount\":210,\"publisher\":{\"@id\":\"https:\/\/beeplus.io\/blog\/#organization\"},\"image\":{\"@id\":\"https:\/\/beeplus.io\/blog\/startup-rio-palestra-scrum-agilidade\/#primaryimage\"},\"thumbnailUrl\":\"https:\/\/beeplus.io\/blog\/wp-content\/uploads\/2017\/03\/4.png\",\"keywords\":[\"frontpage\"],\"articleSection\":[\"BlogBeePlus\",\"Not\u00edcias\"],\"inLanguage\":\"pt-BR\"},{\"@type\":\"WebPage\",\"@id\":\"https:\/\/beeplus.io\/blog\/startup-rio-palestra-scrum-agilidade\/\",\"url\":\"https:\/\/beeplus.io\/blog\/startup-rio-palestra-scrum-agilidade\/\",\"name\":\"ScrumHalf Agile Manager no Startup Rio\",\"isPartOf\":{\"@id\":\"https:\/\/beeplus.io\/blog\/#website\"},\"primaryImageOfPage\":{\"@id\":\"https:\/\/beeplus.io\/blog\/startup-rio-palestra-scrum-agilidade\/#primaryimage\"},\"image\":{\"@id\":\"https:\/\/beeplus.io\/blog\/startup-rio-palestra-scrum-agilidade\/#primaryimage\"},\"thumbnailUrl\":\"https:\/\/beeplus.io\/blog\/wp-content\/uploads\/2017\/03\/4.png\",\"datePublished\":\"2017-12-22T15:26:46+00:00\",\"dateModified\":\"2024-09-30T14:14:05+00:00\",\"breadcrumb\":{\"@id\":\"https:\/\/beeplus.io\/blog\/startup-rio-palestra-scrum-agilidade\/#breadcrumb\"},\"inLanguage\":\"pt-BR\",\"potentialAction\":[{\"@type\":\"ReadAction\",\"target\":[\"https:\/\/beeplus.io\/blog\/startup-rio-palestra-scrum-agilidade\/\"]}]},{\"@type\":\"ImageObject\",\"inLanguage\":\"pt-BR\",\"@id\":\"https:\/\/beeplus.io\/blog\/startup-rio-palestra-scrum-agilidade\/#primaryimage\",\"url\":\"https:\/\/beeplus.io\/blog\/wp-content\/uploads\/2017\/03\/4.png\",\"contentUrl\":\"https:\/\/beeplus.io\/blog\/wp-content\/uploads\/2017\/03\/4.png\",\"width\":736,\"height\":488},{\"@type\":\"BreadcrumbList\",\"@id\":\"https:\/\/beeplus.io\/blog\/startup-rio-palestra-scrum-agilidade\/#breadcrumb\",\"itemListElement\":[{\"@type\":\"ListItem\",\"position\":1,\"name\":\"In\u00edcio\",\"item\":\"https:\/\/beeplus.io\/blog\/\"},{\"@type\":\"ListItem\",\"position\":2,\"name\":\"Team ScrumHalf Apresenta Palestra sobre Scrum e Agilidade no Startup Rio\"}]},{\"@type\":\"WebSite\",\"@id\":\"https:\/\/beeplus.io\/blog\/#website\",\"url\":\"https:\/\/beeplus.io\/blog\/\",\"name\":\"BeePlus\",\"description\":\"In agile we beelieve.\",\"publisher\":{\"@id\":\"https:\/\/beeplus.io\/blog\/#organization\"},\"potentialAction\":[{\"@type\":\"SearchAction\",\"target\":{\"@type\":\"EntryPoint\",\"urlTemplate\":\"https:\/\/beeplus.io\/blog\/?s={search_term_string}\"},\"query-input\":{\"@type\":\"PropertyValueSpecification\",\"valueRequired\":true,\"valueName\":\"search_term_string\"}}],\"inLanguage\":\"pt-BR\"},{\"@type\":\"Organization\",\"@id\":\"https:\/\/beeplus.io\/blog\/#organization\",\"name\":\"BeePlus\",\"url\":\"https:\/\/beeplus.io\/blog\/\",\"logo\":{\"@type\":\"ImageObject\",\"inLanguage\":\"pt-BR\",\"@id\":\"https:\/\/beeplus.io\/blog\/#\/schema\/logo\/image\/\",\"url\":\"https:\/\/beeplus.io\/blog\/wp-content\/uploads\/2024\/07\/cropped-logo-color.png\",\"contentUrl\":\"https:\/\/beeplus.io\/blog\/wp-content\/uploads\/2024\/07\/cropped-logo-color.png\",\"width\":429,\"height\":100,\"caption\":\"BeePlus\"},\"image\":{\"@id\":\"https:\/\/beeplus.io\/blog\/#\/schema\/logo\/image\/\"},\"sameAs\":[\"https:\/\/www.instagram.com\/beeplus.app\/\"]},{\"@type\":\"Person\",\"@id\":\"https:\/\/beeplus.io\/blog\/#\/schema\/person\/9ace617870ba198fab37b245702be864\",\"name\":\"Z\u00e9 Neto, CEO e Founder\",\"url\":\"https:\/\/beeplus.io\/blog\/author\/rneto\/\"}]}<\/script>\n<!-- \/ Yoast SEO plugin. -->","yoast_head_json":{"title":"ScrumHalf Agile Manager no Startup Rio","robots":{"index":"index","follow":"follow","max-snippet":"max-snippet:-1","max-image-preview":"max-image-preview:large","max-video-preview":"max-video-preview:-1"},"canonical":"https:\/\/beeplus.io\/blog\/startup-rio-palestra-scrum-agilidade\/","og_locale":"pt_BR","og_type":"article","og_title":"ScrumHalf Agile Manager no Startup Rio","og_description":"No dia 21 de dezembro, o Team ScrumHalf realizou uma palestra introdut\u00f3ria&hellip;","og_url":"https:\/\/beeplus.io\/blog\/startup-rio-palestra-scrum-agilidade\/","og_site_name":"BeePlus","article_published_time":"2017-12-22T15:26:46+00:00","article_modified_time":"2024-09-30T14:14:05+00:00","og_image":[{"width":736,"height":488,"url":"https:\/\/beeplus.io\/blog\/wp-content\/uploads\/2017\/03\/4.png","type":"image\/png"}],"author":"Z\u00e9 Neto, CEO e Founder","twitter_card":"summary_large_image","twitter_misc":{"Escrito por":"Z\u00e9 Neto, CEO e Founder","Est. tempo de leitura":"1 minuto"},"schema":{"@context":"https:\/\/schema.org","@graph":[{"@type":"Article","@id":"https:\/\/beeplus.io\/blog\/startup-rio-palestra-scrum-agilidade\/#article","isPartOf":{"@id":"https:\/\/beeplus.io\/blog\/startup-rio-palestra-scrum-agilidade\/"},"author":{"name":"Z\u00e9 Neto, CEO e Founder","@id":"https:\/\/beeplus.io\/blog\/#\/schema\/person\/9ace617870ba198fab37b245702be864"},"headline":"Team ScrumHalf Apresenta Palestra sobre Scrum e Agilidade no Startup Rio","datePublished":"2017-12-22T15:26:46+00:00","dateModified":"2024-09-30T14:14:05+00:00","mainEntityOfPage":{"@id":"https:\/\/beeplus.io\/blog\/startup-rio-palestra-scrum-agilidade\/"},"wordCount":210,"publisher":{"@id":"https:\/\/beeplus.io\/blog\/#organization"},"image":{"@id":"https:\/\/beeplus.io\/blog\/startup-rio-palestra-scrum-agilidade\/#primaryimage"},"thumbnailUrl":"https:\/\/beeplus.io\/blog\/wp-content\/uploads\/2017\/03\/4.png","keywords":["frontpage"],"articleSection":["BlogBeePlus","Not\u00edcias"],"inLanguage":"pt-BR"},{"@type":"WebPage","@id":"https:\/\/beeplus.io\/blog\/startup-rio-palestra-scrum-agilidade\/","url":"https:\/\/beeplus.io\/blog\/startup-rio-palestra-scrum-agilidade\/","name":"ScrumHalf Agile Manager no Startup Rio","isPartOf":{"@id":"https:\/\/beeplus.io\/blog\/#website"},"primaryImageOfPage":{"@id":"https:\/\/beeplus.io\/blog\/startup-rio-palestra-scrum-agilidade\/#primaryimage"},"image":{"@id":"https:\/\/beeplus.io\/blog\/startup-rio-palestra-scrum-agilidade\/#primaryimage"},"thumbnailUrl":"https:\/\/beeplus.io\/blog\/wp-content\/uploads\/2017\/03\/4.png","datePublished":"2017-12-22T15:26:46+00:00","dateModified":"2024-09-30T14:14:05+00:00","breadcrumb":{"@id":"https:\/\/beeplus.io\/blog\/startup-rio-palestra-scrum-agilidade\/#breadcrumb"},"inLanguage":"pt-BR","potentialAction":[{"@type":"ReadAction","target":["https:\/\/beeplus.io\/blog\/startup-rio-palestra-scrum-agilidade\/"]}]},{"@type":"ImageObject","inLanguage":"pt-BR","@id":"https:\/\/beeplus.io\/blog\/startup-rio-palestra-scrum-agilidade\/#primaryimage","url":"https:\/\/beeplus.io\/blog\/wp-content\/uploads\/2017\/03\/4.png","contentUrl":"https:\/\/beeplus.io\/blog\/wp-content\/uploads\/2017\/03\/4.png","width":736,"height":488},{"@type":"BreadcrumbList","@id":"https:\/\/beeplus.io\/blog\/startup-rio-palestra-scrum-agilidade\/#breadcrumb","itemListElement":[{"@type":"ListItem","position":1,"name":"In\u00edcio","item":"https:\/\/beeplus.io\/blog\/"},{"@type":"ListItem","position":2,"name":"Team ScrumHalf Apresenta Palestra sobre Scrum e Agilidade no Startup Rio"}]},{"@type":"WebSite","@id":"https:\/\/beeplus.io\/blog\/#website","url":"https:\/\/beeplus.io\/blog\/","name":"BeePlus","description":"In agile we beelieve.","publisher":{"@id":"https:\/\/beeplus.io\/blog\/#organization"},"potentialAction":[{"@type":"SearchAction","target":{"@type":"EntryPoint","urlTemplate":"https:\/\/beeplus.io\/blog\/?s={search_term_string}"},"query-input":{"@type":"PropertyValueSpecification","valueRequired":true,"valueName":"search_term_string"}}],"inLanguage":"pt-BR"},{"@type":"Organization","@id":"https:\/\/beeplus.io\/blog\/#organization","name":"BeePlus","url":"https:\/\/beeplus.io\/blog\/","logo":{"@type":"ImageObject","inLanguage":"pt-BR","@id":"https:\/\/beeplus.io\/blog\/#\/schema\/logo\/image\/","url":"https:\/\/beeplus.io\/blog\/wp-content\/uploads\/2024\/07\/cropped-logo-color.png","contentUrl":"https:\/\/beeplus.io\/blog\/wp-content\/uploads\/2024\/07\/cropped-logo-color.png","width":429,"height":100,"caption":"BeePlus"},"image":{"@id":"https:\/\/beeplus.io\/blog\/#\/schema\/logo\/image\/"},"sameAs":["https:\/\/www.instagram.com\/beeplus.app\/"]},{"@type":"Person","@id":"https:\/\/beeplus.io\/blog\/#\/schema\/person\/9ace617870ba198fab37b245702be864","name":"Z\u00e9 Neto, CEO e Founder","url":"https:\/\/beeplus.io\/blog\/author\/rneto\/"}]}},"_links":{"self":[{"href":"https:\/\/beeplus.io\/blog\/wp-json\/wp\/v2\/posts\/1072","targetHints":{"allow":["GET"]}}],"collection":[{"href":"https:\/\/beeplus.io\/blog\/wp-json\/wp\/v2\/posts"}],"about":[{"href":"https:\/\/beeplus.io\/blog\/wp-json\/wp\/v2\/types\/post"}],"author":[{"embeddable":true,"href":"https:\/\/beeplus.io\/blog\/wp-json\/wp\/v2\/users\/5"}],"replies":[{"embeddable":true,"href":"https:\/\/beeplus.io\/blog\/wp-json\/wp\/v2\/comments?post=1072"}],"version-history":[{"count":2,"href":"https:\/\/beeplus.io\/blog\/wp-json\/wp\/v2\/posts\/1072\/revisions"}],"predecessor-version":[{"id":11866,"href":"https:\/\/beeplus.io\/blog\/wp-json\/wp\/v2\/posts\/1072\/revisions\/11866"}],"wp:featuredmedia":[{"embeddable":true,"href":"https:\/\/beeplus.io\/blog\/wp-json\/wp\/v2\/media\/11606"}],"wp:attachment":[{"href":"https:\/\/beeplus.io\/blog\/wp-json\/wp\/v2\/media?parent=1072"}],"wp:term":[{"taxonomy":"category","embeddable":true,"href":"https:\/\/beeplus.io\/blog\/wp-json\/wp\/v2\/categories?post=1072"},{"taxonomy":"post_tag","embeddable":true,"href":"https:\/\/beeplus.io\/blog\/wp-json\/wp\/v2\/tags?post=1072"}],"curies":[{"name":"wp","href":"https:\/\/api.w.org\/{rel}","templated":true}]}}