{"id":10775,"date":"2019-03-18T16:55:45","date_gmt":"2019-03-18T19:55:45","guid":{"rendered":"http:\/\/blog.myscrumhalf.com\/?p=10775"},"modified":"2024-09-30T14:14:09","modified_gmt":"2024-09-30T14:14:09","slug":"encontro-multiplan-transicao-agil","status":"publish","type":"post","link":"https:\/\/beeplus.io\/blog\/encontro-multiplan-transicao-agil\/","title":{"rendered":"CEO do ScrumHalf Discute Transi\u00e7\u00e3o \u00c1gil no Encontro de Ger\u00eancias de Opera\u00e7\u00f5es da Multiplan"},"content":{"rendered":"<p>Em fevereiro, durante o <strong>Encontro de Ger\u00eancias de Opera\u00e7\u00f5es<\/strong> de todos os shoppings da <strong>Multiplan<\/strong>, o <strong>CEO do ScrumHalf<\/strong> conduziu uma apresenta\u00e7\u00e3o sobre a aplica\u00e7\u00e3o de metodologias \u00e1geis em organiza\u00e7\u00f5es cujo foco n\u00e3o \u00e9 <strong>Tecnologia da Informa\u00e7\u00e3o<\/strong>. O evento, realizado no <strong>Barrashopping<\/strong>, no Rio de Janeiro, foi organizado por <strong>Henrique Wendriner<\/strong>, Diretor de Opera\u00e7\u00f5es da <strong>Multiplan Empreendimentos<\/strong>, e contou com a participa\u00e7\u00e3o dos Gerentes de Opera\u00e7\u00f5es e alguns de seus coordenadores, representando os diversos shoppings da rede espalhados pelo Brasil.<\/p>\n<p>O encontro trouxe \u00e0 tona discuss\u00f5es sobre as <strong>caracter\u00edsticas de organiza\u00e7\u00f5es \u00e1geis<\/strong> e a aplicabilidade das pr\u00e1ticas \u00e1geis na <strong>gest\u00e3o de shoppings<\/strong>. Essa reuni\u00e3o marcou um importante passo para o in\u00edcio da <strong>transforma\u00e7\u00e3o \u00e1gil<\/strong> das unidades da Multiplan, mostrando como conceitos de agilidade podem ser adaptados e aplicados fora do contexto tecnol\u00f3gico tradicional.<\/p>\n","protected":false},"excerpt":{"rendered":"<p>Em fevereiro, durante o Encontro de Ger\u00eancias de Opera\u00e7\u00f5es de todos os&hellip;<\/p>\n","protected":false},"author":5,"featured_media":11605,"comment_status":"closed","ping_status":"open","sticky":false,"template":"","format":"standard","meta":{"footnotes":""},"categories":[48,49],"tags":[],"class_list":["post-10775","post","type-post","status-publish","format-standard","has-post-thumbnail","hentry","category-blogbeeplus","category-novidades-noticias-news","entry"],"yoast_head":"<!-- This site is optimized with the Yoast SEO plugin v27.2 - https:\/\/yoast.com\/product\/yoast-seo-wordpress\/ -->\n<title>ScrumHalf fala sobre Agilidade para os Shoppings Multiplan<\/title>\n<meta name=\"robots\" content=\"index, follow, max-snippet:-1, max-image-preview:large, max-video-preview:-1\" \/>\n<link rel=\"canonical\" href=\"https:\/\/beeplus.io\/blog\/encontro-multiplan-transicao-agil\/\" \/>\n<meta property=\"og:locale\" content=\"pt_BR\" \/>\n<meta property=\"og:type\" content=\"article\" \/>\n<meta property=\"og:title\" content=\"ScrumHalf fala sobre Agilidade para os Shoppings Multiplan\" \/>\n<meta property=\"og:description\" content=\"Em fevereiro, durante o Encontro de Ger\u00eancias de Opera\u00e7\u00f5es de todos os&hellip;\" \/>\n<meta property=\"og:url\" content=\"https:\/\/beeplus.io\/blog\/encontro-multiplan-transicao-agil\/\" \/>\n<meta property=\"og:site_name\" content=\"BeePlus\" \/>\n<meta property=\"article:published_time\" content=\"2019-03-18T19:55:45+00:00\" \/>\n<meta property=\"article:modified_time\" content=\"2024-09-30T14:14:09+00:00\" \/>\n<meta property=\"og:image\" content=\"https:\/\/beeplus.io\/blog\/wp-content\/uploads\/2017\/03\/3.png\" \/>\n\t<meta property=\"og:image:width\" content=\"736\" \/>\n\t<meta property=\"og:image:height\" content=\"488\" \/>\n\t<meta property=\"og:image:type\" content=\"image\/png\" \/>\n<meta name=\"author\" content=\"Z\u00e9 Neto, CEO e Founder\" \/>\n<meta name=\"twitter:card\" content=\"summary_large_image\" \/>\n<meta name=\"twitter:label1\" content=\"Escrito por\" \/>\n\t<meta name=\"twitter:data1\" content=\"Z\u00e9 Neto, CEO e Founder\" \/>\n\t<meta name=\"twitter:label2\" content=\"Est. tempo de leitura\" \/>\n\t<meta name=\"twitter:data2\" content=\"1 minuto\" \/>\n<script type=\"application\/ld+json\" class=\"yoast-schema-graph\">{\"@context\":\"https:\/\/schema.org\",\"@graph\":[{\"@type\":\"Article\",\"@id\":\"https:\/\/beeplus.io\/blog\/encontro-multiplan-transicao-agil\/#article\",\"isPartOf\":{\"@id\":\"https:\/\/beeplus.io\/blog\/encontro-multiplan-transicao-agil\/\"},\"author\":{\"name\":\"Z\u00e9 Neto, CEO e Founder\",\"@id\":\"https:\/\/beeplus.io\/blog\/#\/schema\/person\/9ace617870ba198fab37b245702be864\"},\"headline\":\"CEO do ScrumHalf Discute Transi\u00e7\u00e3o \u00c1gil no Encontro de Ger\u00eancias de Opera\u00e7\u00f5es da Multiplan\",\"datePublished\":\"2019-03-18T19:55:45+00:00\",\"dateModified\":\"2024-09-30T14:14:09+00:00\",\"mainEntityOfPage\":{\"@id\":\"https:\/\/beeplus.io\/blog\/encontro-multiplan-transicao-agil\/\"},\"wordCount\":167,\"publisher\":{\"@id\":\"https:\/\/beeplus.io\/blog\/#organization\"},\"image\":{\"@id\":\"https:\/\/beeplus.io\/blog\/encontro-multiplan-transicao-agil\/#primaryimage\"},\"thumbnailUrl\":\"https:\/\/beeplus.io\/blog\/wp-content\/uploads\/2017\/03\/3.png\",\"articleSection\":[\"BlogBeePlus\",\"Not\u00edcias\"],\"inLanguage\":\"pt-BR\"},{\"@type\":\"WebPage\",\"@id\":\"https:\/\/beeplus.io\/blog\/encontro-multiplan-transicao-agil\/\",\"url\":\"https:\/\/beeplus.io\/blog\/encontro-multiplan-transicao-agil\/\",\"name\":\"ScrumHalf fala sobre Agilidade para os Shoppings Multiplan\",\"isPartOf\":{\"@id\":\"https:\/\/beeplus.io\/blog\/#website\"},\"primaryImageOfPage\":{\"@id\":\"https:\/\/beeplus.io\/blog\/encontro-multiplan-transicao-agil\/#primaryimage\"},\"image\":{\"@id\":\"https:\/\/beeplus.io\/blog\/encontro-multiplan-transicao-agil\/#primaryimage\"},\"thumbnailUrl\":\"https:\/\/beeplus.io\/blog\/wp-content\/uploads\/2017\/03\/3.png\",\"datePublished\":\"2019-03-18T19:55:45+00:00\",\"dateModified\":\"2024-09-30T14:14:09+00:00\",\"breadcrumb\":{\"@id\":\"https:\/\/beeplus.io\/blog\/encontro-multiplan-transicao-agil\/#breadcrumb\"},\"inLanguage\":\"pt-BR\",\"potentialAction\":[{\"@type\":\"ReadAction\",\"target\":[\"https:\/\/beeplus.io\/blog\/encontro-multiplan-transicao-agil\/\"]}]},{\"@type\":\"ImageObject\",\"inLanguage\":\"pt-BR\",\"@id\":\"https:\/\/beeplus.io\/blog\/encontro-multiplan-transicao-agil\/#primaryimage\",\"url\":\"https:\/\/beeplus.io\/blog\/wp-content\/uploads\/2017\/03\/3.png\",\"contentUrl\":\"https:\/\/beeplus.io\/blog\/wp-content\/uploads\/2017\/03\/3.png\",\"width\":736,\"height\":488},{\"@type\":\"BreadcrumbList\",\"@id\":\"https:\/\/beeplus.io\/blog\/encontro-multiplan-transicao-agil\/#breadcrumb\",\"itemListElement\":[{\"@type\":\"ListItem\",\"position\":1,\"name\":\"In\u00edcio\",\"item\":\"https:\/\/beeplus.io\/blog\/\"},{\"@type\":\"ListItem\",\"position\":2,\"name\":\"CEO do ScrumHalf Discute Transi\u00e7\u00e3o \u00c1gil no Encontro de Ger\u00eancias de Opera\u00e7\u00f5es da Multiplan\"}]},{\"@type\":\"WebSite\",\"@id\":\"https:\/\/beeplus.io\/blog\/#website\",\"url\":\"https:\/\/beeplus.io\/blog\/\",\"name\":\"BeePlus\",\"description\":\"In agile we beelieve.\",\"publisher\":{\"@id\":\"https:\/\/beeplus.io\/blog\/#organization\"},\"potentialAction\":[{\"@type\":\"SearchAction\",\"target\":{\"@type\":\"EntryPoint\",\"urlTemplate\":\"https:\/\/beeplus.io\/blog\/?s={search_term_string}\"},\"query-input\":{\"@type\":\"PropertyValueSpecification\",\"valueRequired\":true,\"valueName\":\"search_term_string\"}}],\"inLanguage\":\"pt-BR\"},{\"@type\":\"Organization\",\"@id\":\"https:\/\/beeplus.io\/blog\/#organization\",\"name\":\"BeePlus\",\"url\":\"https:\/\/beeplus.io\/blog\/\",\"logo\":{\"@type\":\"ImageObject\",\"inLanguage\":\"pt-BR\",\"@id\":\"https:\/\/beeplus.io\/blog\/#\/schema\/logo\/image\/\",\"url\":\"https:\/\/beeplus.io\/blog\/wp-content\/uploads\/2024\/07\/cropped-logo-color.png\",\"contentUrl\":\"https:\/\/beeplus.io\/blog\/wp-content\/uploads\/2024\/07\/cropped-logo-color.png\",\"width\":429,\"height\":100,\"caption\":\"BeePlus\"},\"image\":{\"@id\":\"https:\/\/beeplus.io\/blog\/#\/schema\/logo\/image\/\"},\"sameAs\":[\"https:\/\/www.instagram.com\/beeplus.app\/\"]},{\"@type\":\"Person\",\"@id\":\"https:\/\/beeplus.io\/blog\/#\/schema\/person\/9ace617870ba198fab37b245702be864\",\"name\":\"Z\u00e9 Neto, CEO e Founder\",\"url\":\"https:\/\/beeplus.io\/blog\/author\/rneto\/\"}]}<\/script>\n<!-- \/ Yoast SEO plugin. -->","yoast_head_json":{"title":"ScrumHalf fala sobre Agilidade para os Shoppings Multiplan","robots":{"index":"index","follow":"follow","max-snippet":"max-snippet:-1","max-image-preview":"max-image-preview:large","max-video-preview":"max-video-preview:-1"},"canonical":"https:\/\/beeplus.io\/blog\/encontro-multiplan-transicao-agil\/","og_locale":"pt_BR","og_type":"article","og_title":"ScrumHalf fala sobre Agilidade para os Shoppings Multiplan","og_description":"Em fevereiro, durante o Encontro de Ger\u00eancias de Opera\u00e7\u00f5es de todos os&hellip;","og_url":"https:\/\/beeplus.io\/blog\/encontro-multiplan-transicao-agil\/","og_site_name":"BeePlus","article_published_time":"2019-03-18T19:55:45+00:00","article_modified_time":"2024-09-30T14:14:09+00:00","og_image":[{"width":736,"height":488,"url":"https:\/\/beeplus.io\/blog\/wp-content\/uploads\/2017\/03\/3.png","type":"image\/png"}],"author":"Z\u00e9 Neto, CEO e Founder","twitter_card":"summary_large_image","twitter_misc":{"Escrito por":"Z\u00e9 Neto, CEO e Founder","Est. tempo de leitura":"1 minuto"},"schema":{"@context":"https:\/\/schema.org","@graph":[{"@type":"Article","@id":"https:\/\/beeplus.io\/blog\/encontro-multiplan-transicao-agil\/#article","isPartOf":{"@id":"https:\/\/beeplus.io\/blog\/encontro-multiplan-transicao-agil\/"},"author":{"name":"Z\u00e9 Neto, CEO e Founder","@id":"https:\/\/beeplus.io\/blog\/#\/schema\/person\/9ace617870ba198fab37b245702be864"},"headline":"CEO do ScrumHalf Discute Transi\u00e7\u00e3o \u00c1gil no Encontro de Ger\u00eancias de Opera\u00e7\u00f5es da Multiplan","datePublished":"2019-03-18T19:55:45+00:00","dateModified":"2024-09-30T14:14:09+00:00","mainEntityOfPage":{"@id":"https:\/\/beeplus.io\/blog\/encontro-multiplan-transicao-agil\/"},"wordCount":167,"publisher":{"@id":"https:\/\/beeplus.io\/blog\/#organization"},"image":{"@id":"https:\/\/beeplus.io\/blog\/encontro-multiplan-transicao-agil\/#primaryimage"},"thumbnailUrl":"https:\/\/beeplus.io\/blog\/wp-content\/uploads\/2017\/03\/3.png","articleSection":["BlogBeePlus","Not\u00edcias"],"inLanguage":"pt-BR"},{"@type":"WebPage","@id":"https:\/\/beeplus.io\/blog\/encontro-multiplan-transicao-agil\/","url":"https:\/\/beeplus.io\/blog\/encontro-multiplan-transicao-agil\/","name":"ScrumHalf fala sobre Agilidade para os Shoppings Multiplan","isPartOf":{"@id":"https:\/\/beeplus.io\/blog\/#website"},"primaryImageOfPage":{"@id":"https:\/\/beeplus.io\/blog\/encontro-multiplan-transicao-agil\/#primaryimage"},"image":{"@id":"https:\/\/beeplus.io\/blog\/encontro-multiplan-transicao-agil\/#primaryimage"},"thumbnailUrl":"https:\/\/beeplus.io\/blog\/wp-content\/uploads\/2017\/03\/3.png","datePublished":"2019-03-18T19:55:45+00:00","dateModified":"2024-09-30T14:14:09+00:00","breadcrumb":{"@id":"https:\/\/beeplus.io\/blog\/encontro-multiplan-transicao-agil\/#breadcrumb"},"inLanguage":"pt-BR","potentialAction":[{"@type":"ReadAction","target":["https:\/\/beeplus.io\/blog\/encontro-multiplan-transicao-agil\/"]}]},{"@type":"ImageObject","inLanguage":"pt-BR","@id":"https:\/\/beeplus.io\/blog\/encontro-multiplan-transicao-agil\/#primaryimage","url":"https:\/\/beeplus.io\/blog\/wp-content\/uploads\/2017\/03\/3.png","contentUrl":"https:\/\/beeplus.io\/blog\/wp-content\/uploads\/2017\/03\/3.png","width":736,"height":488},{"@type":"BreadcrumbList","@id":"https:\/\/beeplus.io\/blog\/encontro-multiplan-transicao-agil\/#breadcrumb","itemListElement":[{"@type":"ListItem","position":1,"name":"In\u00edcio","item":"https:\/\/beeplus.io\/blog\/"},{"@type":"ListItem","position":2,"name":"CEO do ScrumHalf Discute Transi\u00e7\u00e3o \u00c1gil no Encontro de Ger\u00eancias de Opera\u00e7\u00f5es da Multiplan"}]},{"@type":"WebSite","@id":"https:\/\/beeplus.io\/blog\/#website","url":"https:\/\/beeplus.io\/blog\/","name":"BeePlus","description":"In agile we beelieve.","publisher":{"@id":"https:\/\/beeplus.io\/blog\/#organization"},"potentialAction":[{"@type":"SearchAction","target":{"@type":"EntryPoint","urlTemplate":"https:\/\/beeplus.io\/blog\/?s={search_term_string}"},"query-input":{"@type":"PropertyValueSpecification","valueRequired":true,"valueName":"search_term_string"}}],"inLanguage":"pt-BR"},{"@type":"Organization","@id":"https:\/\/beeplus.io\/blog\/#organization","name":"BeePlus","url":"https:\/\/beeplus.io\/blog\/","logo":{"@type":"ImageObject","inLanguage":"pt-BR","@id":"https:\/\/beeplus.io\/blog\/#\/schema\/logo\/image\/","url":"https:\/\/beeplus.io\/blog\/wp-content\/uploads\/2024\/07\/cropped-logo-color.png","contentUrl":"https:\/\/beeplus.io\/blog\/wp-content\/uploads\/2024\/07\/cropped-logo-color.png","width":429,"height":100,"caption":"BeePlus"},"image":{"@id":"https:\/\/beeplus.io\/blog\/#\/schema\/logo\/image\/"},"sameAs":["https:\/\/www.instagram.com\/beeplus.app\/"]},{"@type":"Person","@id":"https:\/\/beeplus.io\/blog\/#\/schema\/person\/9ace617870ba198fab37b245702be864","name":"Z\u00e9 Neto, CEO e Founder","url":"https:\/\/beeplus.io\/blog\/author\/rneto\/"}]}},"_links":{"self":[{"href":"https:\/\/beeplus.io\/blog\/wp-json\/wp\/v2\/posts\/10775","targetHints":{"allow":["GET"]}}],"collection":[{"href":"https:\/\/beeplus.io\/blog\/wp-json\/wp\/v2\/posts"}],"about":[{"href":"https:\/\/beeplus.io\/blog\/wp-json\/wp\/v2\/types\/post"}],"author":[{"embeddable":true,"href":"https:\/\/beeplus.io\/blog\/wp-json\/wp\/v2\/users\/5"}],"replies":[{"embeddable":true,"href":"https:\/\/beeplus.io\/blog\/wp-json\/wp\/v2\/comments?post=10775"}],"version-history":[{"count":2,"href":"https:\/\/beeplus.io\/blog\/wp-json\/wp\/v2\/posts\/10775\/revisions"}],"predecessor-version":[{"id":11867,"href":"https:\/\/beeplus.io\/blog\/wp-json\/wp\/v2\/posts\/10775\/revisions\/11867"}],"wp:featuredmedia":[{"embeddable":true,"href":"https:\/\/beeplus.io\/blog\/wp-json\/wp\/v2\/media\/11605"}],"wp:attachment":[{"href":"https:\/\/beeplus.io\/blog\/wp-json\/wp\/v2\/media?parent=10775"}],"wp:term":[{"taxonomy":"category","embeddable":true,"href":"https:\/\/beeplus.io\/blog\/wp-json\/wp\/v2\/categories?post=10775"},{"taxonomy":"post_tag","embeddable":true,"href":"https:\/\/beeplus.io\/blog\/wp-json\/wp\/v2\/tags?post=10775"}],"curies":[{"name":"wp","href":"https:\/\/api.w.org\/{rel}","templated":true}]}}