{"id":10789,"date":"2019-06-18T10:38:37","date_gmt":"2019-06-18T13:38:37","guid":{"rendered":"http:\/\/blog.myscrumhalf.com\/?p=10789"},"modified":"2024-09-30T14:13:31","modified_gmt":"2024-09-30T14:13:31","slug":"icatu-agil-transformacao-junho","status":"publish","type":"post","link":"https:\/\/beeplus.io\/blog\/icatu-agil-transformacao-junho\/","title":{"rendered":"CEO do ScrumHalf Participa do Icatu \u00c1gil: Evento Focado em Transforma\u00e7\u00e3o \u00c1gil na Icatu Seguros"},"content":{"rendered":"<p>O <strong>CEO do ScrumHalf<\/strong>, <strong>Jos\u00e9 Augusto<\/strong>, esteve presente no <strong>Icatu \u00c1gil<\/strong>, um evento promovido pela <strong>Icatu Seguros<\/strong> voltado para a dissemina\u00e7\u00e3o das pr\u00e1ticas de <strong>agilidade<\/strong> dentro da empresa. O <strong>ScrumHalf<\/strong> apoiou o evento com uma palestra sobre a <strong>transforma\u00e7\u00e3o \u00e1gil<\/strong>, abordando o processo pelo qual a Icatu est\u00e1 passando para implementar agilidade em seus diversos setores.<\/p>\n<p>Durante o evento, realizado em junho, os participantes tiveram a oportunidade de esclarecer d\u00favidas sobre como a agilidade pode ser expandida para outras \u00e1reas al\u00e9m da TI. O Icatu \u00c1gil reuniu empresas e palestrantes de renome da comunidade \u00e1gil, promovendo debates e compartilhamento de experi\u00eancias sobre o impacto da agilidade no ambiente corporativo.<\/p>\n<p>Para mais detalhes sobre o evento, voc\u00ea pode conferir o post no <strong>LinkedIn.<\/strong><\/p>\n","protected":false},"excerpt":{"rendered":"<p>O CEO do ScrumHalf, Jos\u00e9 Augusto, esteve presente no Icatu \u00c1gil, um&hellip;<\/p>\n","protected":false},"author":5,"featured_media":11602,"comment_status":"closed","ping_status":"open","sticky":false,"template":"","format":"standard","meta":{"footnotes":""},"categories":[48,49],"tags":[],"class_list":["post-10789","post","type-post","status-publish","format-standard","has-post-thumbnail","hentry","category-blogbeeplus","category-novidades-noticias-news","entry"],"yoast_head":"<!-- This site is optimized with the Yoast SEO plugin v27.2 - https:\/\/yoast.com\/product\/yoast-seo-wordpress\/ -->\n<title>ScrumHalf no Icatu \u00c1gil<\/title>\n<meta name=\"robots\" content=\"index, follow, max-snippet:-1, max-image-preview:large, max-video-preview:-1\" \/>\n<link rel=\"canonical\" href=\"https:\/\/beeplus.io\/blog\/icatu-agil-transformacao-junho\/\" \/>\n<meta property=\"og:locale\" content=\"pt_BR\" \/>\n<meta property=\"og:type\" content=\"article\" \/>\n<meta property=\"og:title\" content=\"ScrumHalf no Icatu \u00c1gil\" \/>\n<meta property=\"og:description\" content=\"O CEO do ScrumHalf, Jos\u00e9 Augusto, esteve presente no Icatu \u00c1gil, um&hellip;\" \/>\n<meta property=\"og:url\" content=\"https:\/\/beeplus.io\/blog\/icatu-agil-transformacao-junho\/\" \/>\n<meta property=\"og:site_name\" content=\"BeePlus\" \/>\n<meta property=\"article:published_time\" content=\"2019-06-18T13:38:37+00:00\" \/>\n<meta property=\"article:modified_time\" content=\"2024-09-30T14:13:31+00:00\" \/>\n<meta property=\"og:image\" content=\"https:\/\/beeplus.io\/blog\/wp-content\/uploads\/2017\/03\/Frame-34209.png\" \/>\n\t<meta property=\"og:image:width\" content=\"736\" \/>\n\t<meta property=\"og:image:height\" content=\"488\" \/>\n\t<meta property=\"og:image:type\" content=\"image\/png\" \/>\n<meta name=\"author\" content=\"Z\u00e9 Neto, CEO e Founder\" \/>\n<meta name=\"twitter:card\" content=\"summary_large_image\" \/>\n<meta name=\"twitter:label1\" content=\"Escrito por\" \/>\n\t<meta name=\"twitter:data1\" content=\"Z\u00e9 Neto, CEO e Founder\" \/>\n\t<meta name=\"twitter:label2\" content=\"Est. tempo de leitura\" \/>\n\t<meta name=\"twitter:data2\" content=\"1 minuto\" \/>\n<script type=\"application\/ld+json\" class=\"yoast-schema-graph\">{\"@context\":\"https:\/\/schema.org\",\"@graph\":[{\"@type\":\"Article\",\"@id\":\"https:\/\/beeplus.io\/blog\/icatu-agil-transformacao-junho\/#article\",\"isPartOf\":{\"@id\":\"https:\/\/beeplus.io\/blog\/icatu-agil-transformacao-junho\/\"},\"author\":{\"name\":\"Z\u00e9 Neto, CEO e Founder\",\"@id\":\"https:\/\/beeplus.io\/blog\/#\/schema\/person\/9ace617870ba198fab37b245702be864\"},\"headline\":\"CEO do ScrumHalf Participa do Icatu \u00c1gil: Evento Focado em Transforma\u00e7\u00e3o \u00c1gil na Icatu Seguros\",\"datePublished\":\"2019-06-18T13:38:37+00:00\",\"dateModified\":\"2024-09-30T14:13:31+00:00\",\"mainEntityOfPage\":{\"@id\":\"https:\/\/beeplus.io\/blog\/icatu-agil-transformacao-junho\/\"},\"wordCount\":144,\"publisher\":{\"@id\":\"https:\/\/beeplus.io\/blog\/#organization\"},\"image\":{\"@id\":\"https:\/\/beeplus.io\/blog\/icatu-agil-transformacao-junho\/#primaryimage\"},\"thumbnailUrl\":\"https:\/\/beeplus.io\/blog\/wp-content\/uploads\/2017\/03\/Frame-34209.png\",\"articleSection\":[\"BlogBeePlus\",\"Not\u00edcias\"],\"inLanguage\":\"pt-BR\"},{\"@type\":\"WebPage\",\"@id\":\"https:\/\/beeplus.io\/blog\/icatu-agil-transformacao-junho\/\",\"url\":\"https:\/\/beeplus.io\/blog\/icatu-agil-transformacao-junho\/\",\"name\":\"ScrumHalf no Icatu \u00c1gil\",\"isPartOf\":{\"@id\":\"https:\/\/beeplus.io\/blog\/#website\"},\"primaryImageOfPage\":{\"@id\":\"https:\/\/beeplus.io\/blog\/icatu-agil-transformacao-junho\/#primaryimage\"},\"image\":{\"@id\":\"https:\/\/beeplus.io\/blog\/icatu-agil-transformacao-junho\/#primaryimage\"},\"thumbnailUrl\":\"https:\/\/beeplus.io\/blog\/wp-content\/uploads\/2017\/03\/Frame-34209.png\",\"datePublished\":\"2019-06-18T13:38:37+00:00\",\"dateModified\":\"2024-09-30T14:13:31+00:00\",\"breadcrumb\":{\"@id\":\"https:\/\/beeplus.io\/blog\/icatu-agil-transformacao-junho\/#breadcrumb\"},\"inLanguage\":\"pt-BR\",\"potentialAction\":[{\"@type\":\"ReadAction\",\"target\":[\"https:\/\/beeplus.io\/blog\/icatu-agil-transformacao-junho\/\"]}]},{\"@type\":\"ImageObject\",\"inLanguage\":\"pt-BR\",\"@id\":\"https:\/\/beeplus.io\/blog\/icatu-agil-transformacao-junho\/#primaryimage\",\"url\":\"https:\/\/beeplus.io\/blog\/wp-content\/uploads\/2017\/03\/Frame-34209.png\",\"contentUrl\":\"https:\/\/beeplus.io\/blog\/wp-content\/uploads\/2017\/03\/Frame-34209.png\",\"width\":736,\"height\":488},{\"@type\":\"BreadcrumbList\",\"@id\":\"https:\/\/beeplus.io\/blog\/icatu-agil-transformacao-junho\/#breadcrumb\",\"itemListElement\":[{\"@type\":\"ListItem\",\"position\":1,\"name\":\"In\u00edcio\",\"item\":\"https:\/\/beeplus.io\/blog\/\"},{\"@type\":\"ListItem\",\"position\":2,\"name\":\"CEO do ScrumHalf Participa do Icatu \u00c1gil: Evento Focado em Transforma\u00e7\u00e3o \u00c1gil na Icatu Seguros\"}]},{\"@type\":\"WebSite\",\"@id\":\"https:\/\/beeplus.io\/blog\/#website\",\"url\":\"https:\/\/beeplus.io\/blog\/\",\"name\":\"BeePlus\",\"description\":\"In agile we beelieve.\",\"publisher\":{\"@id\":\"https:\/\/beeplus.io\/blog\/#organization\"},\"potentialAction\":[{\"@type\":\"SearchAction\",\"target\":{\"@type\":\"EntryPoint\",\"urlTemplate\":\"https:\/\/beeplus.io\/blog\/?s={search_term_string}\"},\"query-input\":{\"@type\":\"PropertyValueSpecification\",\"valueRequired\":true,\"valueName\":\"search_term_string\"}}],\"inLanguage\":\"pt-BR\"},{\"@type\":\"Organization\",\"@id\":\"https:\/\/beeplus.io\/blog\/#organization\",\"name\":\"BeePlus\",\"url\":\"https:\/\/beeplus.io\/blog\/\",\"logo\":{\"@type\":\"ImageObject\",\"inLanguage\":\"pt-BR\",\"@id\":\"https:\/\/beeplus.io\/blog\/#\/schema\/logo\/image\/\",\"url\":\"https:\/\/beeplus.io\/blog\/wp-content\/uploads\/2024\/07\/cropped-logo-color.png\",\"contentUrl\":\"https:\/\/beeplus.io\/blog\/wp-content\/uploads\/2024\/07\/cropped-logo-color.png\",\"width\":429,\"height\":100,\"caption\":\"BeePlus\"},\"image\":{\"@id\":\"https:\/\/beeplus.io\/blog\/#\/schema\/logo\/image\/\"},\"sameAs\":[\"https:\/\/www.instagram.com\/beeplus.app\/\"]},{\"@type\":\"Person\",\"@id\":\"https:\/\/beeplus.io\/blog\/#\/schema\/person\/9ace617870ba198fab37b245702be864\",\"name\":\"Z\u00e9 Neto, CEO e Founder\",\"url\":\"https:\/\/beeplus.io\/blog\/author\/rneto\/\"}]}<\/script>\n<!-- \/ Yoast SEO plugin. -->","yoast_head_json":{"title":"ScrumHalf no Icatu \u00c1gil","robots":{"index":"index","follow":"follow","max-snippet":"max-snippet:-1","max-image-preview":"max-image-preview:large","max-video-preview":"max-video-preview:-1"},"canonical":"https:\/\/beeplus.io\/blog\/icatu-agil-transformacao-junho\/","og_locale":"pt_BR","og_type":"article","og_title":"ScrumHalf no Icatu \u00c1gil","og_description":"O CEO do ScrumHalf, Jos\u00e9 Augusto, esteve presente no Icatu \u00c1gil, um&hellip;","og_url":"https:\/\/beeplus.io\/blog\/icatu-agil-transformacao-junho\/","og_site_name":"BeePlus","article_published_time":"2019-06-18T13:38:37+00:00","article_modified_time":"2024-09-30T14:13:31+00:00","og_image":[{"width":736,"height":488,"url":"https:\/\/beeplus.io\/blog\/wp-content\/uploads\/2017\/03\/Frame-34209.png","type":"image\/png"}],"author":"Z\u00e9 Neto, CEO e Founder","twitter_card":"summary_large_image","twitter_misc":{"Escrito por":"Z\u00e9 Neto, CEO e Founder","Est. tempo de leitura":"1 minuto"},"schema":{"@context":"https:\/\/schema.org","@graph":[{"@type":"Article","@id":"https:\/\/beeplus.io\/blog\/icatu-agil-transformacao-junho\/#article","isPartOf":{"@id":"https:\/\/beeplus.io\/blog\/icatu-agil-transformacao-junho\/"},"author":{"name":"Z\u00e9 Neto, CEO e Founder","@id":"https:\/\/beeplus.io\/blog\/#\/schema\/person\/9ace617870ba198fab37b245702be864"},"headline":"CEO do ScrumHalf Participa do Icatu \u00c1gil: Evento Focado em Transforma\u00e7\u00e3o \u00c1gil na Icatu Seguros","datePublished":"2019-06-18T13:38:37+00:00","dateModified":"2024-09-30T14:13:31+00:00","mainEntityOfPage":{"@id":"https:\/\/beeplus.io\/blog\/icatu-agil-transformacao-junho\/"},"wordCount":144,"publisher":{"@id":"https:\/\/beeplus.io\/blog\/#organization"},"image":{"@id":"https:\/\/beeplus.io\/blog\/icatu-agil-transformacao-junho\/#primaryimage"},"thumbnailUrl":"https:\/\/beeplus.io\/blog\/wp-content\/uploads\/2017\/03\/Frame-34209.png","articleSection":["BlogBeePlus","Not\u00edcias"],"inLanguage":"pt-BR"},{"@type":"WebPage","@id":"https:\/\/beeplus.io\/blog\/icatu-agil-transformacao-junho\/","url":"https:\/\/beeplus.io\/blog\/icatu-agil-transformacao-junho\/","name":"ScrumHalf no Icatu \u00c1gil","isPartOf":{"@id":"https:\/\/beeplus.io\/blog\/#website"},"primaryImageOfPage":{"@id":"https:\/\/beeplus.io\/blog\/icatu-agil-transformacao-junho\/#primaryimage"},"image":{"@id":"https:\/\/beeplus.io\/blog\/icatu-agil-transformacao-junho\/#primaryimage"},"thumbnailUrl":"https:\/\/beeplus.io\/blog\/wp-content\/uploads\/2017\/03\/Frame-34209.png","datePublished":"2019-06-18T13:38:37+00:00","dateModified":"2024-09-30T14:13:31+00:00","breadcrumb":{"@id":"https:\/\/beeplus.io\/blog\/icatu-agil-transformacao-junho\/#breadcrumb"},"inLanguage":"pt-BR","potentialAction":[{"@type":"ReadAction","target":["https:\/\/beeplus.io\/blog\/icatu-agil-transformacao-junho\/"]}]},{"@type":"ImageObject","inLanguage":"pt-BR","@id":"https:\/\/beeplus.io\/blog\/icatu-agil-transformacao-junho\/#primaryimage","url":"https:\/\/beeplus.io\/blog\/wp-content\/uploads\/2017\/03\/Frame-34209.png","contentUrl":"https:\/\/beeplus.io\/blog\/wp-content\/uploads\/2017\/03\/Frame-34209.png","width":736,"height":488},{"@type":"BreadcrumbList","@id":"https:\/\/beeplus.io\/blog\/icatu-agil-transformacao-junho\/#breadcrumb","itemListElement":[{"@type":"ListItem","position":1,"name":"In\u00edcio","item":"https:\/\/beeplus.io\/blog\/"},{"@type":"ListItem","position":2,"name":"CEO do ScrumHalf Participa do Icatu \u00c1gil: Evento Focado em Transforma\u00e7\u00e3o \u00c1gil na Icatu Seguros"}]},{"@type":"WebSite","@id":"https:\/\/beeplus.io\/blog\/#website","url":"https:\/\/beeplus.io\/blog\/","name":"BeePlus","description":"In agile we beelieve.","publisher":{"@id":"https:\/\/beeplus.io\/blog\/#organization"},"potentialAction":[{"@type":"SearchAction","target":{"@type":"EntryPoint","urlTemplate":"https:\/\/beeplus.io\/blog\/?s={search_term_string}"},"query-input":{"@type":"PropertyValueSpecification","valueRequired":true,"valueName":"search_term_string"}}],"inLanguage":"pt-BR"},{"@type":"Organization","@id":"https:\/\/beeplus.io\/blog\/#organization","name":"BeePlus","url":"https:\/\/beeplus.io\/blog\/","logo":{"@type":"ImageObject","inLanguage":"pt-BR","@id":"https:\/\/beeplus.io\/blog\/#\/schema\/logo\/image\/","url":"https:\/\/beeplus.io\/blog\/wp-content\/uploads\/2024\/07\/cropped-logo-color.png","contentUrl":"https:\/\/beeplus.io\/blog\/wp-content\/uploads\/2024\/07\/cropped-logo-color.png","width":429,"height":100,"caption":"BeePlus"},"image":{"@id":"https:\/\/beeplus.io\/blog\/#\/schema\/logo\/image\/"},"sameAs":["https:\/\/www.instagram.com\/beeplus.app\/"]},{"@type":"Person","@id":"https:\/\/beeplus.io\/blog\/#\/schema\/person\/9ace617870ba198fab37b245702be864","name":"Z\u00e9 Neto, CEO e Founder","url":"https:\/\/beeplus.io\/blog\/author\/rneto\/"}]}},"_links":{"self":[{"href":"https:\/\/beeplus.io\/blog\/wp-json\/wp\/v2\/posts\/10789","targetHints":{"allow":["GET"]}}],"collection":[{"href":"https:\/\/beeplus.io\/blog\/wp-json\/wp\/v2\/posts"}],"about":[{"href":"https:\/\/beeplus.io\/blog\/wp-json\/wp\/v2\/types\/post"}],"author":[{"embeddable":true,"href":"https:\/\/beeplus.io\/blog\/wp-json\/wp\/v2\/users\/5"}],"replies":[{"embeddable":true,"href":"https:\/\/beeplus.io\/blog\/wp-json\/wp\/v2\/comments?post=10789"}],"version-history":[{"count":2,"href":"https:\/\/beeplus.io\/blog\/wp-json\/wp\/v2\/posts\/10789\/revisions"}],"predecessor-version":[{"id":11868,"href":"https:\/\/beeplus.io\/blog\/wp-json\/wp\/v2\/posts\/10789\/revisions\/11868"}],"wp:featuredmedia":[{"embeddable":true,"href":"https:\/\/beeplus.io\/blog\/wp-json\/wp\/v2\/media\/11602"}],"wp:attachment":[{"href":"https:\/\/beeplus.io\/blog\/wp-json\/wp\/v2\/media?parent=10789"}],"wp:term":[{"taxonomy":"category","embeddable":true,"href":"https:\/\/beeplus.io\/blog\/wp-json\/wp\/v2\/categories?post=10789"},{"taxonomy":"post_tag","embeddable":true,"href":"https:\/\/beeplus.io\/blog\/wp-json\/wp\/v2\/tags?post=10789"}],"curies":[{"name":"wp","href":"https:\/\/api.w.org\/{rel}","templated":true}]}}