{"id":11244,"date":"2020-07-15T17:03:37","date_gmt":"2020-07-15T20:03:37","guid":{"rendered":"https:\/\/blog.myscrumhalf.com\/?p=11244"},"modified":"2024-09-30T14:13:20","modified_gmt":"2024-09-30T14:13:20","slug":"pipoca-agil-conversa-jose-augusto","status":"publish","type":"post","link":"https:\/\/beeplus.io\/blog\/pipoca-agil-conversa-jose-augusto\/","title":{"rendered":"CEO do ScrumHalf, Jos\u00e9 Augusto, Participa de Bate-Papo sobre Agilidade no Pipoca \u00c1gil"},"content":{"rendered":"<p>Nosso <strong>CEO, Jos\u00e9 Augusto<\/strong>, foi convidado para uma conversa descontra\u00edda sobre <strong>Agilidade<\/strong> no canal <strong>Pipoca \u00c1gil<\/strong>, conduzido por <strong>Ibson Cabral<\/strong>, o host do programa. Durante a entrevista, Z\u00e9 compartilhou sua jornada no mundo \u00e1gil, discutiu o <strong>ScrumHalf Agile Manager<\/strong> e falou sobre o trabalho comunit\u00e1rio que realiza no <strong>Agile Beer<\/strong>, evento colaborativo que organiza junto com outros agilistas.<\/p>\n<p>A entrevista foi uma oportunidade para Z\u00e9 apresentar a ess\u00eancia do <strong>ScrumHalf<\/strong>, que vai al\u00e9m de ser apenas uma ferramenta de suporte para a agilidade. O ScrumHalf ajuda as equipes a aplicar o <strong>Scrum<\/strong> de maneira completa, facilitando a ado\u00e7\u00e3o das pr\u00e1ticas \u00e1geis.<\/p>\n<p>O bate-papo foi leve e envolvente, com muita participa\u00e7\u00e3o da plateia ao vivo. Caso voc\u00ea tenha perdido a <strong>Live<\/strong>, ainda pode assistir ao v\u00eddeo diretamente no canal <strong>Pipoca \u00c1gil no YouTube<\/strong>. N\u00e3o esque\u00e7a de curtir o v\u00eddeo e se inscrever no canal para apoiar o nosso parceiro!<\/p>\n<p>Al\u00e9m disso, voc\u00ea pode ouvir a entrevista no formato <strong>Podcast<\/strong>, dispon\u00edvel no <strong>Spotify<\/strong>, <strong>Anchor.fm<\/strong>, ou logo abaixo.<\/p>\n<p style=\"text-align: center;\">[box] <iframe src=\"https:\/\/anchor.fm\/pipocaagil\/embed\/episodes\/106-Vamos-falar-sobre-Agilidade---Por-Jos-Augusto---CEO-da-Scrumhalf-e-Co-fundador-do-Agile-Beer-ega1o9\/a-a1ptlh\" width=\"400px\" height=\"102px\" frameborder=\"0\" scrolling=\"no\"><\/iframe>[\/box]<\/p>\n<p>Divirtam-se, curtam e comentem!<\/p>\n","protected":false},"excerpt":{"rendered":"<p>Nosso CEO, Jos\u00e9 Augusto, foi convidado para uma conversa descontra\u00edda sobre Agilidade&hellip;<\/p>\n","protected":false},"author":5,"featured_media":11599,"comment_status":"closed","ping_status":"closed","sticky":false,"template":"","format":"standard","meta":{"footnotes":""},"categories":[48,49],"tags":[],"class_list":["post-11244","post","type-post","status-publish","format-standard","has-post-thumbnail","hentry","category-blogbeeplus","category-novidades-noticias-news","entry"],"yoast_head":"<!-- This site is optimized with the Yoast SEO plugin v27.2 - https:\/\/yoast.com\/product\/yoast-seo-wordpress\/ -->\n<title>CEO do ScrumHalf, Jos\u00e9 Augusto, Participa de Bate-Papo sobre Agilidade no Pipoca \u00c1gil - BeePlus<\/title>\n<meta name=\"robots\" content=\"index, follow, max-snippet:-1, max-image-preview:large, max-video-preview:-1\" \/>\n<link rel=\"canonical\" href=\"https:\/\/beeplus.io\/blog\/pipoca-agil-conversa-jose-augusto\/\" \/>\n<meta property=\"og:locale\" content=\"pt_BR\" \/>\n<meta property=\"og:type\" content=\"article\" \/>\n<meta property=\"og:title\" content=\"CEO do ScrumHalf, Jos\u00e9 Augusto, Participa de Bate-Papo sobre Agilidade no Pipoca \u00c1gil - BeePlus\" \/>\n<meta property=\"og:description\" content=\"Nosso CEO, Jos\u00e9 Augusto, foi convidado para uma conversa descontra\u00edda sobre Agilidade&hellip;\" \/>\n<meta property=\"og:url\" content=\"https:\/\/beeplus.io\/blog\/pipoca-agil-conversa-jose-augusto\/\" \/>\n<meta property=\"og:site_name\" content=\"BeePlus\" \/>\n<meta property=\"article:published_time\" content=\"2020-07-15T20:03:37+00:00\" \/>\n<meta property=\"article:modified_time\" content=\"2024-09-30T14:13:20+00:00\" \/>\n<meta property=\"og:image\" content=\"https:\/\/beeplus.io\/blog\/wp-content\/uploads\/2017\/03\/Frame-34206.png\" \/>\n\t<meta property=\"og:image:width\" content=\"736\" \/>\n\t<meta property=\"og:image:height\" content=\"488\" \/>\n\t<meta property=\"og:image:type\" content=\"image\/png\" \/>\n<meta name=\"author\" content=\"Z\u00e9 Neto, CEO e Founder\" \/>\n<meta name=\"twitter:card\" content=\"summary_large_image\" \/>\n<meta name=\"twitter:label1\" content=\"Escrito por\" \/>\n\t<meta name=\"twitter:data1\" content=\"Z\u00e9 Neto, CEO e Founder\" \/>\n\t<meta name=\"twitter:label2\" content=\"Est. tempo de leitura\" \/>\n\t<meta name=\"twitter:data2\" content=\"1 minuto\" \/>\n<script type=\"application\/ld+json\" class=\"yoast-schema-graph\">{\"@context\":\"https:\/\/schema.org\",\"@graph\":[{\"@type\":\"Article\",\"@id\":\"https:\/\/beeplus.io\/blog\/pipoca-agil-conversa-jose-augusto\/#article\",\"isPartOf\":{\"@id\":\"https:\/\/beeplus.io\/blog\/pipoca-agil-conversa-jose-augusto\/\"},\"author\":{\"name\":\"Z\u00e9 Neto, CEO e Founder\",\"@id\":\"https:\/\/beeplus.io\/blog\/#\/schema\/person\/9ace617870ba198fab37b245702be864\"},\"headline\":\"CEO do ScrumHalf, Jos\u00e9 Augusto, Participa de Bate-Papo sobre Agilidade no Pipoca \u00c1gil\",\"datePublished\":\"2020-07-15T20:03:37+00:00\",\"dateModified\":\"2024-09-30T14:13:20+00:00\",\"mainEntityOfPage\":{\"@id\":\"https:\/\/beeplus.io\/blog\/pipoca-agil-conversa-jose-augusto\/\"},\"wordCount\":198,\"publisher\":{\"@id\":\"https:\/\/beeplus.io\/blog\/#organization\"},\"image\":{\"@id\":\"https:\/\/beeplus.io\/blog\/pipoca-agil-conversa-jose-augusto\/#primaryimage\"},\"thumbnailUrl\":\"https:\/\/beeplus.io\/blog\/wp-content\/uploads\/2017\/03\/Frame-34206.png\",\"articleSection\":[\"BlogBeePlus\",\"Not\u00edcias\"],\"inLanguage\":\"pt-BR\"},{\"@type\":\"WebPage\",\"@id\":\"https:\/\/beeplus.io\/blog\/pipoca-agil-conversa-jose-augusto\/\",\"url\":\"https:\/\/beeplus.io\/blog\/pipoca-agil-conversa-jose-augusto\/\",\"name\":\"CEO do ScrumHalf, Jos\u00e9 Augusto, Participa de Bate-Papo sobre Agilidade no Pipoca \u00c1gil - BeePlus\",\"isPartOf\":{\"@id\":\"https:\/\/beeplus.io\/blog\/#website\"},\"primaryImageOfPage\":{\"@id\":\"https:\/\/beeplus.io\/blog\/pipoca-agil-conversa-jose-augusto\/#primaryimage\"},\"image\":{\"@id\":\"https:\/\/beeplus.io\/blog\/pipoca-agil-conversa-jose-augusto\/#primaryimage\"},\"thumbnailUrl\":\"https:\/\/beeplus.io\/blog\/wp-content\/uploads\/2017\/03\/Frame-34206.png\",\"datePublished\":\"2020-07-15T20:03:37+00:00\",\"dateModified\":\"2024-09-30T14:13:20+00:00\",\"breadcrumb\":{\"@id\":\"https:\/\/beeplus.io\/blog\/pipoca-agil-conversa-jose-augusto\/#breadcrumb\"},\"inLanguage\":\"pt-BR\",\"potentialAction\":[{\"@type\":\"ReadAction\",\"target\":[\"https:\/\/beeplus.io\/blog\/pipoca-agil-conversa-jose-augusto\/\"]}]},{\"@type\":\"ImageObject\",\"inLanguage\":\"pt-BR\",\"@id\":\"https:\/\/beeplus.io\/blog\/pipoca-agil-conversa-jose-augusto\/#primaryimage\",\"url\":\"https:\/\/beeplus.io\/blog\/wp-content\/uploads\/2017\/03\/Frame-34206.png\",\"contentUrl\":\"https:\/\/beeplus.io\/blog\/wp-content\/uploads\/2017\/03\/Frame-34206.png\",\"width\":736,\"height\":488},{\"@type\":\"BreadcrumbList\",\"@id\":\"https:\/\/beeplus.io\/blog\/pipoca-agil-conversa-jose-augusto\/#breadcrumb\",\"itemListElement\":[{\"@type\":\"ListItem\",\"position\":1,\"name\":\"In\u00edcio\",\"item\":\"https:\/\/beeplus.io\/blog\/\"},{\"@type\":\"ListItem\",\"position\":2,\"name\":\"CEO do ScrumHalf, Jos\u00e9 Augusto, Participa de Bate-Papo sobre Agilidade no Pipoca \u00c1gil\"}]},{\"@type\":\"WebSite\",\"@id\":\"https:\/\/beeplus.io\/blog\/#website\",\"url\":\"https:\/\/beeplus.io\/blog\/\",\"name\":\"BeePlus\",\"description\":\"In agile we beelieve.\",\"publisher\":{\"@id\":\"https:\/\/beeplus.io\/blog\/#organization\"},\"potentialAction\":[{\"@type\":\"SearchAction\",\"target\":{\"@type\":\"EntryPoint\",\"urlTemplate\":\"https:\/\/beeplus.io\/blog\/?s={search_term_string}\"},\"query-input\":{\"@type\":\"PropertyValueSpecification\",\"valueRequired\":true,\"valueName\":\"search_term_string\"}}],\"inLanguage\":\"pt-BR\"},{\"@type\":\"Organization\",\"@id\":\"https:\/\/beeplus.io\/blog\/#organization\",\"name\":\"BeePlus\",\"url\":\"https:\/\/beeplus.io\/blog\/\",\"logo\":{\"@type\":\"ImageObject\",\"inLanguage\":\"pt-BR\",\"@id\":\"https:\/\/beeplus.io\/blog\/#\/schema\/logo\/image\/\",\"url\":\"https:\/\/beeplus.io\/blog\/wp-content\/uploads\/2024\/07\/cropped-logo-color.png\",\"contentUrl\":\"https:\/\/beeplus.io\/blog\/wp-content\/uploads\/2024\/07\/cropped-logo-color.png\",\"width\":429,\"height\":100,\"caption\":\"BeePlus\"},\"image\":{\"@id\":\"https:\/\/beeplus.io\/blog\/#\/schema\/logo\/image\/\"},\"sameAs\":[\"https:\/\/www.instagram.com\/beeplus.app\/\"]},{\"@type\":\"Person\",\"@id\":\"https:\/\/beeplus.io\/blog\/#\/schema\/person\/9ace617870ba198fab37b245702be864\",\"name\":\"Z\u00e9 Neto, CEO e Founder\",\"url\":\"https:\/\/beeplus.io\/blog\/author\/rneto\/\"}]}<\/script>\n<!-- \/ Yoast SEO plugin. -->","yoast_head_json":{"title":"CEO do ScrumHalf, Jos\u00e9 Augusto, Participa de Bate-Papo sobre Agilidade no Pipoca \u00c1gil - BeePlus","robots":{"index":"index","follow":"follow","max-snippet":"max-snippet:-1","max-image-preview":"max-image-preview:large","max-video-preview":"max-video-preview:-1"},"canonical":"https:\/\/beeplus.io\/blog\/pipoca-agil-conversa-jose-augusto\/","og_locale":"pt_BR","og_type":"article","og_title":"CEO do ScrumHalf, Jos\u00e9 Augusto, Participa de Bate-Papo sobre Agilidade no Pipoca \u00c1gil - BeePlus","og_description":"Nosso CEO, Jos\u00e9 Augusto, foi convidado para uma conversa descontra\u00edda sobre Agilidade&hellip;","og_url":"https:\/\/beeplus.io\/blog\/pipoca-agil-conversa-jose-augusto\/","og_site_name":"BeePlus","article_published_time":"2020-07-15T20:03:37+00:00","article_modified_time":"2024-09-30T14:13:20+00:00","og_image":[{"width":736,"height":488,"url":"https:\/\/beeplus.io\/blog\/wp-content\/uploads\/2017\/03\/Frame-34206.png","type":"image\/png"}],"author":"Z\u00e9 Neto, CEO e Founder","twitter_card":"summary_large_image","twitter_misc":{"Escrito por":"Z\u00e9 Neto, CEO e Founder","Est. tempo de leitura":"1 minuto"},"schema":{"@context":"https:\/\/schema.org","@graph":[{"@type":"Article","@id":"https:\/\/beeplus.io\/blog\/pipoca-agil-conversa-jose-augusto\/#article","isPartOf":{"@id":"https:\/\/beeplus.io\/blog\/pipoca-agil-conversa-jose-augusto\/"},"author":{"name":"Z\u00e9 Neto, CEO e Founder","@id":"https:\/\/beeplus.io\/blog\/#\/schema\/person\/9ace617870ba198fab37b245702be864"},"headline":"CEO do ScrumHalf, Jos\u00e9 Augusto, Participa de Bate-Papo sobre Agilidade no Pipoca \u00c1gil","datePublished":"2020-07-15T20:03:37+00:00","dateModified":"2024-09-30T14:13:20+00:00","mainEntityOfPage":{"@id":"https:\/\/beeplus.io\/blog\/pipoca-agil-conversa-jose-augusto\/"},"wordCount":198,"publisher":{"@id":"https:\/\/beeplus.io\/blog\/#organization"},"image":{"@id":"https:\/\/beeplus.io\/blog\/pipoca-agil-conversa-jose-augusto\/#primaryimage"},"thumbnailUrl":"https:\/\/beeplus.io\/blog\/wp-content\/uploads\/2017\/03\/Frame-34206.png","articleSection":["BlogBeePlus","Not\u00edcias"],"inLanguage":"pt-BR"},{"@type":"WebPage","@id":"https:\/\/beeplus.io\/blog\/pipoca-agil-conversa-jose-augusto\/","url":"https:\/\/beeplus.io\/blog\/pipoca-agil-conversa-jose-augusto\/","name":"CEO do ScrumHalf, Jos\u00e9 Augusto, Participa de Bate-Papo sobre Agilidade no Pipoca \u00c1gil - BeePlus","isPartOf":{"@id":"https:\/\/beeplus.io\/blog\/#website"},"primaryImageOfPage":{"@id":"https:\/\/beeplus.io\/blog\/pipoca-agil-conversa-jose-augusto\/#primaryimage"},"image":{"@id":"https:\/\/beeplus.io\/blog\/pipoca-agil-conversa-jose-augusto\/#primaryimage"},"thumbnailUrl":"https:\/\/beeplus.io\/blog\/wp-content\/uploads\/2017\/03\/Frame-34206.png","datePublished":"2020-07-15T20:03:37+00:00","dateModified":"2024-09-30T14:13:20+00:00","breadcrumb":{"@id":"https:\/\/beeplus.io\/blog\/pipoca-agil-conversa-jose-augusto\/#breadcrumb"},"inLanguage":"pt-BR","potentialAction":[{"@type":"ReadAction","target":["https:\/\/beeplus.io\/blog\/pipoca-agil-conversa-jose-augusto\/"]}]},{"@type":"ImageObject","inLanguage":"pt-BR","@id":"https:\/\/beeplus.io\/blog\/pipoca-agil-conversa-jose-augusto\/#primaryimage","url":"https:\/\/beeplus.io\/blog\/wp-content\/uploads\/2017\/03\/Frame-34206.png","contentUrl":"https:\/\/beeplus.io\/blog\/wp-content\/uploads\/2017\/03\/Frame-34206.png","width":736,"height":488},{"@type":"BreadcrumbList","@id":"https:\/\/beeplus.io\/blog\/pipoca-agil-conversa-jose-augusto\/#breadcrumb","itemListElement":[{"@type":"ListItem","position":1,"name":"In\u00edcio","item":"https:\/\/beeplus.io\/blog\/"},{"@type":"ListItem","position":2,"name":"CEO do ScrumHalf, Jos\u00e9 Augusto, Participa de Bate-Papo sobre Agilidade no Pipoca \u00c1gil"}]},{"@type":"WebSite","@id":"https:\/\/beeplus.io\/blog\/#website","url":"https:\/\/beeplus.io\/blog\/","name":"BeePlus","description":"In agile we beelieve.","publisher":{"@id":"https:\/\/beeplus.io\/blog\/#organization"},"potentialAction":[{"@type":"SearchAction","target":{"@type":"EntryPoint","urlTemplate":"https:\/\/beeplus.io\/blog\/?s={search_term_string}"},"query-input":{"@type":"PropertyValueSpecification","valueRequired":true,"valueName":"search_term_string"}}],"inLanguage":"pt-BR"},{"@type":"Organization","@id":"https:\/\/beeplus.io\/blog\/#organization","name":"BeePlus","url":"https:\/\/beeplus.io\/blog\/","logo":{"@type":"ImageObject","inLanguage":"pt-BR","@id":"https:\/\/beeplus.io\/blog\/#\/schema\/logo\/image\/","url":"https:\/\/beeplus.io\/blog\/wp-content\/uploads\/2024\/07\/cropped-logo-color.png","contentUrl":"https:\/\/beeplus.io\/blog\/wp-content\/uploads\/2024\/07\/cropped-logo-color.png","width":429,"height":100,"caption":"BeePlus"},"image":{"@id":"https:\/\/beeplus.io\/blog\/#\/schema\/logo\/image\/"},"sameAs":["https:\/\/www.instagram.com\/beeplus.app\/"]},{"@type":"Person","@id":"https:\/\/beeplus.io\/blog\/#\/schema\/person\/9ace617870ba198fab37b245702be864","name":"Z\u00e9 Neto, CEO e Founder","url":"https:\/\/beeplus.io\/blog\/author\/rneto\/"}]}},"_links":{"self":[{"href":"https:\/\/beeplus.io\/blog\/wp-json\/wp\/v2\/posts\/11244","targetHints":{"allow":["GET"]}}],"collection":[{"href":"https:\/\/beeplus.io\/blog\/wp-json\/wp\/v2\/posts"}],"about":[{"href":"https:\/\/beeplus.io\/blog\/wp-json\/wp\/v2\/types\/post"}],"author":[{"embeddable":true,"href":"https:\/\/beeplus.io\/blog\/wp-json\/wp\/v2\/users\/5"}],"replies":[{"embeddable":true,"href":"https:\/\/beeplus.io\/blog\/wp-json\/wp\/v2\/comments?post=11244"}],"version-history":[{"count":2,"href":"https:\/\/beeplus.io\/blog\/wp-json\/wp\/v2\/posts\/11244\/revisions"}],"predecessor-version":[{"id":11870,"href":"https:\/\/beeplus.io\/blog\/wp-json\/wp\/v2\/posts\/11244\/revisions\/11870"}],"wp:featuredmedia":[{"embeddable":true,"href":"https:\/\/beeplus.io\/blog\/wp-json\/wp\/v2\/media\/11599"}],"wp:attachment":[{"href":"https:\/\/beeplus.io\/blog\/wp-json\/wp\/v2\/media?parent=11244"}],"wp:term":[{"taxonomy":"category","embeddable":true,"href":"https:\/\/beeplus.io\/blog\/wp-json\/wp\/v2\/categories?post=11244"},{"taxonomy":"post_tag","embeddable":true,"href":"https:\/\/beeplus.io\/blog\/wp-json\/wp\/v2\/tags?post=11244"}],"curies":[{"name":"wp","href":"https:\/\/api.w.org\/{rel}","templated":true}]}}