{"id":11487,"date":"2024-07-19T08:36:11","date_gmt":"2024-07-19T08:36:11","guid":{"rendered":"https:\/\/blog.myscrumhalf.com\/?p=11487"},"modified":"2024-11-13T13:51:26","modified_gmt":"2024-11-13T13:51:26","slug":"existe-vida-agil-fora-da-tecnologia","status":"publish","type":"post","link":"https:\/\/beeplus.io\/blog\/existe-vida-agil-fora-da-tecnologia\/","title":{"rendered":"Existe vida \u00e1gil fora da tecnologia?"},"content":{"rendered":"\n<p>Todos sabem que a Agilidade, especialmente o <a title=\"\" href=\"https:\/\/www.scrumalliance.org\/\" target=\"_blank\" rel=\"noopener\">Scrum<\/a>, foi criado e cresceu dentro do setor de tecnologia. Para o pessoal de software \u00e9 atualmente quase inconceb\u00edvel um mundo sem Agilidade. Com todas as dificuldades e anti-padr\u00f5es que possam existir em ado\u00e7\u00f5es de Agilidade nas empresas e seus setores de tecnologia, o esp\u00edrito \u00e1gil se faz presente. Mesmo que implementada com variados graus de intensidade, de uma forma geral todos sabem o que \u00e9, e entendem algo sobre como devem proceder para serem \u00e1geis.<\/p>\n\n\n\n<p>No entanto, isso n\u00e3o \u00e9 uma realidade nas empresas ou em setores fora da \u00e1rea de tecnologia. Existe uma quantidade enorme, mas realmente muito grande, de empresas que pouco sabem, e, eventualmente, nunca experimentaram ou sequer ouviram falar de Agilidade. Para algumas, isso \u00e9 uma realidade muito distante. E \u00e9 exatamente isso que desperta a paix\u00e3o: A possibilidade de ajudar essas empresas a trilharem um caminho mais eficaz e eficiente. A possibilidade de ajud\u00e1-los na evolu\u00e7\u00e3o de seus processos de gest\u00e3o, realizando verdadeiramente uma transforma\u00e7\u00e3o \u00e1gil.<\/p>\n\n\n\n<p>Tais empresas carecem da internaliza\u00e7\u00e3o de din\u00e2micas fundamentais da Agilidade, muito bem trabalhadas no Scrum, como inspe\u00e7\u00e3o e adapta\u00e7\u00e3o. Para conseguir isso, precisam de muita transpar\u00eancia, que normalmente n\u00e3o \u00e9 cultivada em empresas n\u00e3o-\u00e1geis. Uma mudan\u00e7a cultural profunda precisa ser realizada em casos como esses, fundamentada em novos valores e princ\u00edpios. Eu, particularmente, enxergo o <a href=\"\/\/scrum.org\" target=\"_blank\" rel=\"noopener\" title=\"\">Scrum<\/a>, ou seus princ\u00edpios e valores, como um \u00f3timo caminho para ajudar nessa mudan\u00e7a. Entretanto, n\u00e3o \u00e9 suficiente adotar o Scrum. As pr\u00e1ticas j\u00e1 utilizadas na empresa precisam ser avaliadas e ajustadas, com o uso de t\u00e9cnicas diversas e ajustes de frameworks existentes, para o atendimento da realidade vivida pela empresa e j\u00e1 incorporada pela sua equipe. \u00c9 um processo n\u00e3o t\u00e3o simples e que demanda bastante conhecimento e uma boa experi\u00eancia em gest\u00e3o e ado\u00e7\u00e3o de agilidade. Por isso, via de regra, organiza\u00e7\u00f5es n\u00e3o conseguem provocar tais transforma\u00e7\u00f5es sem a ajuda de parceiros especializados, chegando eventualmente a abortarem suas transforma\u00e7\u00f5es \u00e1geis pela impossibilidade de alcan\u00e7ar os resultados pretendidos.<\/p>\n\n\n\n<p>Observando esses insucessos, decidimos nos dedicar a ajudar empresas de serv a realizarem as suas transforma\u00e7\u00f5es. Nossa primeira provid\u00eancia foi ajustar nosso modelo de neg\u00f3cio para passar a oferecer um apoio \u00e0 implanta\u00e7\u00e3o da nossa solu\u00e7\u00e3o. Esse apoio \u00e9, na verdade, voltado \u00e0 transmiss\u00e3o de conhecimento sobre Agilidade, muito mais do que sobre utilizar a ferramenta <a title=\"\" href=\"https:\/\/BeePlus.io\" target=\"_blank\" rel=\"noopener\">BeePlus<\/a>. Nesse processo, consegu\u00edamos no m\u00ednimo contaminar um pouco o novo usu\u00e1rio com a Agilidade e indicar uma boa forma para ele utilizar a nossa ferramenta na realiza\u00e7\u00e3o dos seus processos de trabalho. Inicialmente, em alguns casos, quando era do interesse do novo usu\u00e1rio, prov\u00edamos treinamento mais completo e dedic\u00e1vamos mais tempo ajudando a &#8220;agilizar&#8221; as atividades da sua empresa.<\/p>\n\n\n\n<p>Nossa segunda a\u00e7\u00e3o foi desenvolver solu\u00e7\u00f5es para tipos espec\u00edficos de empresas, que chamamos nichos. Inicialmente focamos no nicho que foi nosso principal foco de atua\u00e7\u00e3o, empresas da \u00e1rea financeira, mais especificamente no setor cont\u00e1bil. Desenvolvemos um caminho, podemos dizer um modelo, que funcionou muito bem para as empresas desse setor, segundo seus colaboradores mesmos testemunharam. Veja o depoimento abaixo, dado pelo Bruno Oliveira, S\u00f3cio e CEO do <a href=\"https:\/\/lp.grupocriterio.com.br\/contabilidade\" target=\"_blank\" rel=\"noopener\" title=\"\">Grupo Crit\u00e9rio<\/a> (Servi\u00e7os Cont\u00e1beis e BPO Financeiro).<\/p>\n\n\n\n<blockquote class=\"wp-block-quote is-layout-flow wp-block-quote-is-layout-flow\">\n<p>Mais do que uma ferramenta, encontramos na BeePlus um time que nos auxiliou na condu\u00e7\u00e3o de uma completa reestrutura\u00e7\u00e3o das estruturas e processos organizacionais, por meio das metodologias de gest\u00e3o \u00e1gil, aumentando significativamente a produtividade da nossa equipe e a efici\u00eancia dos nossos recursos. <\/p>\n<\/blockquote>\n\n\n\n<p>E, o mais importante, a resposta aparece de forma muito contundente como retorno em produtividade, aumento da capacidade da equipe, aumento da satisfa\u00e7\u00e3o de seus clientes e, principalmente, aumento do faturamento. Como disse h\u00e1 algum tempo o CEO de uma dessas empresas:<\/p>\n\n\n\n<blockquote class=\"wp-block-quote is-layout-flow wp-block-quote-is-layout-flow\">\n<p>\u00c9 como se tiv\u00e9ssemos aumentado o time 30%. \u00c9 impressionante como a nossa equipe evoluiu em menos de 6 meses.<\/p>\n<\/blockquote>\n\n\n\n<p>Ou seja, no caso de uma equipe de 10 colaboradores, \u00e9 como se tivessem passado a contar com mais dois colaboradores, sem precisar contratar ningu\u00e9m, nem treinar o novo funcion\u00e1rio nas pr\u00e1ticas utilizadas na empresa.<\/p>\n\n\n\n<p>E como isso foi poss\u00edvel? Atrav\u00e9s de um processo de transforma\u00e7\u00e3o \u00e1gil que entrega resultados. Os times passam a trabalhar de forma diferente, ou melhor, organizam as suas atividades de forma \u00e1gil, e tudo com o uso da BeePlus, recebendo treinamento customizado e mentoria dada pelo nosso time. Em menos de um m\u00eas, em reuni\u00f5es de retrospectiva, os times j\u00e1 come\u00e7am a dar retorno positivo sobre as novas pr\u00e1ticas adotadas. Principalmente no que diz respeito \u00e0 colabora\u00e7\u00e3o e transpar\u00eancia.<\/p>\n\n\n\n<p>O trabalho realizado com empresas de contabilidade, nos permitiu abordar outros nichos, como empresas de advogados, por exemplo. Ao final, percebemos que essas empresas tinham em comum a caracter\u00edstica de serem empresas de presta\u00e7\u00e3o de servi\u00e7os, ou seja, todas poderiam se beneficiar da Agilidade, se corretamente utilizada. Isso ent\u00e3o deu in\u00edcio \u00e0 nossa terceira a\u00e7\u00e3o, a de criar uma metodologia pr\u00f3pria para empresas desse tipo. Assim, utilizando a Agilidade e usando como refer\u00eancia o Scrum e o Kanban, desenvolvemos o <a href=\"https:\/\/beeplus.io\/blog\/rebranding-da-beeplus-uma-nova-era-de-agilidade-e-eficiencia\/\" target=\"_blank\" rel=\"noopener\" title=\"\">MOSAIC<\/a>, nossa metodologia (ou framework) \u00e1gil para empresas de presta\u00e7\u00e3o de servi\u00e7os.&nbsp;<\/p>\n\n\n\n<p>Hoje temos uma solu\u00e7\u00e3o completa para essas empresas, incluindo um programa de transforma\u00e7\u00e3o \u00e1gil, usando nosso framework MOSAIC e nossa ferramenta BeePlus. O depoimento de um de nossos clientes do <a href=\"https:\/\/www.bmalaw.com.br\/\" target=\"_blank\" rel=\"noopener\" title=\"\">BMA Advogados<\/a> deixa clara a qualidade do trabalho que desenvolvemos.&nbsp;<\/p>\n\n\n\n<blockquote class=\"wp-block-quote is-layout-flow wp-block-quote-is-layout-flow\">\n<p>A BeePlus tem sido uma grande aliada na melhoria dos nossos processos internos para a gest\u00e3o de atividades de auditoria para fus\u00f5es e aquisi\u00e7\u00f5es. Al\u00e9m de uma ferramenta de gerenciamento pensada para a presta\u00e7\u00e3o de servi\u00e7os, a consultoria para a implementa\u00e7\u00e3o da transforma\u00e7\u00e3o \u00e1gil foi fundamental para a ades\u00e3o a um modelo de trabalho completamente novo. Com a nova metodologia, ganhamos visibilidade de como cada projeto est\u00e1, permitindo uma a\u00e7\u00e3o mais r\u00e1pida e precisa.<\/p>\n<\/blockquote>\n\n\n\n<p>E voc\u00ea? J\u00e1 participou de alguma transforma\u00e7\u00e3o \u00e1gil ou est\u00e1 tentando fazer uma? Que receita tem adotado? Conte para a gente. Queremos aprender com a sua experi\u00eancia tamb\u00e9m.<\/p>\n\n\n\n<p><\/p>\n","protected":false},"excerpt":{"rendered":"<p>Todos sabem que a Agilidade, especialmente o Scrum, foi criado e cresceu&hellip;<\/p>\n","protected":false},"author":5,"featured_media":11948,"comment_status":"closed","ping_status":"closed","sticky":false,"template":"","format":"standard","meta":{"footnotes":""},"categories":[51,48],"tags":[65,71,69],"class_list":["post-11487","post","type-post","status-publish","format-standard","has-post-thumbnail","hentry","category-gestao-agil","category-blogbeeplus","tag-agilidade","tag-mosaic","tag-transformacao-agil","entry"],"yoast_head":"<!-- This site is optimized with the Yoast SEO plugin v27.2 - https:\/\/yoast.com\/product\/yoast-seo-wordpress\/ -->\n<title>Existe vida \u00e1gil fora da tecnologia? - BeePlus<\/title>\n<meta name=\"robots\" content=\"index, follow, max-snippet:-1, max-image-preview:large, max-video-preview:-1\" \/>\n<link rel=\"canonical\" href=\"https:\/\/beeplus.io\/blog\/existe-vida-agil-fora-da-tecnologia\/\" \/>\n<meta property=\"og:locale\" content=\"pt_BR\" \/>\n<meta property=\"og:type\" content=\"article\" \/>\n<meta property=\"og:title\" content=\"Existe vida \u00e1gil fora da tecnologia? - BeePlus\" \/>\n<meta property=\"og:description\" content=\"Todos sabem que a Agilidade, especialmente o Scrum, foi criado e cresceu&hellip;\" \/>\n<meta property=\"og:url\" content=\"https:\/\/beeplus.io\/blog\/existe-vida-agil-fora-da-tecnologia\/\" \/>\n<meta property=\"og:site_name\" content=\"BeePlus\" \/>\n<meta property=\"article:published_time\" content=\"2024-07-19T08:36:11+00:00\" \/>\n<meta property=\"article:modified_time\" content=\"2024-11-13T13:51:26+00:00\" \/>\n<meta property=\"og:image\" content=\"https:\/\/beeplus.io\/blog\/wp-content\/uploads\/2024\/07\/Frame-34216-1.png\" \/>\n\t<meta property=\"og:image:width\" content=\"737\" \/>\n\t<meta property=\"og:image:height\" content=\"488\" \/>\n\t<meta property=\"og:image:type\" content=\"image\/png\" \/>\n<meta name=\"author\" content=\"Z\u00e9 Neto, CEO e Founder\" \/>\n<meta name=\"twitter:card\" content=\"summary_large_image\" \/>\n<meta name=\"twitter:label1\" content=\"Escrito por\" \/>\n\t<meta name=\"twitter:data1\" content=\"Z\u00e9 Neto, CEO e Founder\" \/>\n\t<meta name=\"twitter:label2\" content=\"Est. tempo de leitura\" \/>\n\t<meta name=\"twitter:data2\" content=\"5 minutos\" \/>\n<script type=\"application\/ld+json\" class=\"yoast-schema-graph\">{\"@context\":\"https:\/\/schema.org\",\"@graph\":[{\"@type\":\"Article\",\"@id\":\"https:\/\/beeplus.io\/blog\/existe-vida-agil-fora-da-tecnologia\/#article\",\"isPartOf\":{\"@id\":\"https:\/\/beeplus.io\/blog\/existe-vida-agil-fora-da-tecnologia\/\"},\"author\":{\"name\":\"Z\u00e9 Neto, CEO e Founder\",\"@id\":\"https:\/\/beeplus.io\/blog\/#\/schema\/person\/9ace617870ba198fab37b245702be864\"},\"headline\":\"Existe vida \u00e1gil fora da tecnologia?\",\"datePublished\":\"2024-07-19T08:36:11+00:00\",\"dateModified\":\"2024-11-13T13:51:26+00:00\",\"mainEntityOfPage\":{\"@id\":\"https:\/\/beeplus.io\/blog\/existe-vida-agil-fora-da-tecnologia\/\"},\"wordCount\":1067,\"publisher\":{\"@id\":\"https:\/\/beeplus.io\/blog\/#organization\"},\"image\":{\"@id\":\"https:\/\/beeplus.io\/blog\/existe-vida-agil-fora-da-tecnologia\/#primaryimage\"},\"thumbnailUrl\":\"https:\/\/beeplus.io\/blog\/wp-content\/uploads\/2024\/07\/Frame-34216-1.png\",\"keywords\":[\"Agilidade\",\"MOSAIC\",\"transforma\u00e7\u00e3o \u00e1gil\"],\"articleSection\":[\"Agilidade\",\"BlogBeePlus\"],\"inLanguage\":\"pt-BR\"},{\"@type\":\"WebPage\",\"@id\":\"https:\/\/beeplus.io\/blog\/existe-vida-agil-fora-da-tecnologia\/\",\"url\":\"https:\/\/beeplus.io\/blog\/existe-vida-agil-fora-da-tecnologia\/\",\"name\":\"Existe vida \u00e1gil fora da tecnologia? - BeePlus\",\"isPartOf\":{\"@id\":\"https:\/\/beeplus.io\/blog\/#website\"},\"primaryImageOfPage\":{\"@id\":\"https:\/\/beeplus.io\/blog\/existe-vida-agil-fora-da-tecnologia\/#primaryimage\"},\"image\":{\"@id\":\"https:\/\/beeplus.io\/blog\/existe-vida-agil-fora-da-tecnologia\/#primaryimage\"},\"thumbnailUrl\":\"https:\/\/beeplus.io\/blog\/wp-content\/uploads\/2024\/07\/Frame-34216-1.png\",\"datePublished\":\"2024-07-19T08:36:11+00:00\",\"dateModified\":\"2024-11-13T13:51:26+00:00\",\"breadcrumb\":{\"@id\":\"https:\/\/beeplus.io\/blog\/existe-vida-agil-fora-da-tecnologia\/#breadcrumb\"},\"inLanguage\":\"pt-BR\",\"potentialAction\":[{\"@type\":\"ReadAction\",\"target\":[\"https:\/\/beeplus.io\/blog\/existe-vida-agil-fora-da-tecnologia\/\"]}]},{\"@type\":\"ImageObject\",\"inLanguage\":\"pt-BR\",\"@id\":\"https:\/\/beeplus.io\/blog\/existe-vida-agil-fora-da-tecnologia\/#primaryimage\",\"url\":\"https:\/\/beeplus.io\/blog\/wp-content\/uploads\/2024\/07\/Frame-34216-1.png\",\"contentUrl\":\"https:\/\/beeplus.io\/blog\/wp-content\/uploads\/2024\/07\/Frame-34216-1.png\",\"width\":737,\"height\":488},{\"@type\":\"BreadcrumbList\",\"@id\":\"https:\/\/beeplus.io\/blog\/existe-vida-agil-fora-da-tecnologia\/#breadcrumb\",\"itemListElement\":[{\"@type\":\"ListItem\",\"position\":1,\"name\":\"In\u00edcio\",\"item\":\"https:\/\/beeplus.io\/blog\/\"},{\"@type\":\"ListItem\",\"position\":2,\"name\":\"Existe vida \u00e1gil fora da tecnologia?\"}]},{\"@type\":\"WebSite\",\"@id\":\"https:\/\/beeplus.io\/blog\/#website\",\"url\":\"https:\/\/beeplus.io\/blog\/\",\"name\":\"BeePlus\",\"description\":\"In agile we beelieve.\",\"publisher\":{\"@id\":\"https:\/\/beeplus.io\/blog\/#organization\"},\"potentialAction\":[{\"@type\":\"SearchAction\",\"target\":{\"@type\":\"EntryPoint\",\"urlTemplate\":\"https:\/\/beeplus.io\/blog\/?s={search_term_string}\"},\"query-input\":{\"@type\":\"PropertyValueSpecification\",\"valueRequired\":true,\"valueName\":\"search_term_string\"}}],\"inLanguage\":\"pt-BR\"},{\"@type\":\"Organization\",\"@id\":\"https:\/\/beeplus.io\/blog\/#organization\",\"name\":\"BeePlus\",\"url\":\"https:\/\/beeplus.io\/blog\/\",\"logo\":{\"@type\":\"ImageObject\",\"inLanguage\":\"pt-BR\",\"@id\":\"https:\/\/beeplus.io\/blog\/#\/schema\/logo\/image\/\",\"url\":\"https:\/\/beeplus.io\/blog\/wp-content\/uploads\/2024\/07\/cropped-logo-color.png\",\"contentUrl\":\"https:\/\/beeplus.io\/blog\/wp-content\/uploads\/2024\/07\/cropped-logo-color.png\",\"width\":429,\"height\":100,\"caption\":\"BeePlus\"},\"image\":{\"@id\":\"https:\/\/beeplus.io\/blog\/#\/schema\/logo\/image\/\"},\"sameAs\":[\"https:\/\/www.instagram.com\/beeplus.app\/\"]},{\"@type\":\"Person\",\"@id\":\"https:\/\/beeplus.io\/blog\/#\/schema\/person\/9ace617870ba198fab37b245702be864\",\"name\":\"Z\u00e9 Neto, CEO e Founder\",\"url\":\"https:\/\/beeplus.io\/blog\/author\/rneto\/\"}]}<\/script>\n<!-- \/ Yoast SEO plugin. -->","yoast_head_json":{"title":"Existe vida \u00e1gil fora da tecnologia? - BeePlus","robots":{"index":"index","follow":"follow","max-snippet":"max-snippet:-1","max-image-preview":"max-image-preview:large","max-video-preview":"max-video-preview:-1"},"canonical":"https:\/\/beeplus.io\/blog\/existe-vida-agil-fora-da-tecnologia\/","og_locale":"pt_BR","og_type":"article","og_title":"Existe vida \u00e1gil fora da tecnologia? - BeePlus","og_description":"Todos sabem que a Agilidade, especialmente o Scrum, foi criado e cresceu&hellip;","og_url":"https:\/\/beeplus.io\/blog\/existe-vida-agil-fora-da-tecnologia\/","og_site_name":"BeePlus","article_published_time":"2024-07-19T08:36:11+00:00","article_modified_time":"2024-11-13T13:51:26+00:00","og_image":[{"width":737,"height":488,"url":"https:\/\/beeplus.io\/blog\/wp-content\/uploads\/2024\/07\/Frame-34216-1.png","type":"image\/png"}],"author":"Z\u00e9 Neto, CEO e Founder","twitter_card":"summary_large_image","twitter_misc":{"Escrito por":"Z\u00e9 Neto, CEO e Founder","Est. tempo de leitura":"5 minutos"},"schema":{"@context":"https:\/\/schema.org","@graph":[{"@type":"Article","@id":"https:\/\/beeplus.io\/blog\/existe-vida-agil-fora-da-tecnologia\/#article","isPartOf":{"@id":"https:\/\/beeplus.io\/blog\/existe-vida-agil-fora-da-tecnologia\/"},"author":{"name":"Z\u00e9 Neto, CEO e Founder","@id":"https:\/\/beeplus.io\/blog\/#\/schema\/person\/9ace617870ba198fab37b245702be864"},"headline":"Existe vida \u00e1gil fora da tecnologia?","datePublished":"2024-07-19T08:36:11+00:00","dateModified":"2024-11-13T13:51:26+00:00","mainEntityOfPage":{"@id":"https:\/\/beeplus.io\/blog\/existe-vida-agil-fora-da-tecnologia\/"},"wordCount":1067,"publisher":{"@id":"https:\/\/beeplus.io\/blog\/#organization"},"image":{"@id":"https:\/\/beeplus.io\/blog\/existe-vida-agil-fora-da-tecnologia\/#primaryimage"},"thumbnailUrl":"https:\/\/beeplus.io\/blog\/wp-content\/uploads\/2024\/07\/Frame-34216-1.png","keywords":["Agilidade","MOSAIC","transforma\u00e7\u00e3o \u00e1gil"],"articleSection":["Agilidade","BlogBeePlus"],"inLanguage":"pt-BR"},{"@type":"WebPage","@id":"https:\/\/beeplus.io\/blog\/existe-vida-agil-fora-da-tecnologia\/","url":"https:\/\/beeplus.io\/blog\/existe-vida-agil-fora-da-tecnologia\/","name":"Existe vida \u00e1gil fora da tecnologia? - BeePlus","isPartOf":{"@id":"https:\/\/beeplus.io\/blog\/#website"},"primaryImageOfPage":{"@id":"https:\/\/beeplus.io\/blog\/existe-vida-agil-fora-da-tecnologia\/#primaryimage"},"image":{"@id":"https:\/\/beeplus.io\/blog\/existe-vida-agil-fora-da-tecnologia\/#primaryimage"},"thumbnailUrl":"https:\/\/beeplus.io\/blog\/wp-content\/uploads\/2024\/07\/Frame-34216-1.png","datePublished":"2024-07-19T08:36:11+00:00","dateModified":"2024-11-13T13:51:26+00:00","breadcrumb":{"@id":"https:\/\/beeplus.io\/blog\/existe-vida-agil-fora-da-tecnologia\/#breadcrumb"},"inLanguage":"pt-BR","potentialAction":[{"@type":"ReadAction","target":["https:\/\/beeplus.io\/blog\/existe-vida-agil-fora-da-tecnologia\/"]}]},{"@type":"ImageObject","inLanguage":"pt-BR","@id":"https:\/\/beeplus.io\/blog\/existe-vida-agil-fora-da-tecnologia\/#primaryimage","url":"https:\/\/beeplus.io\/blog\/wp-content\/uploads\/2024\/07\/Frame-34216-1.png","contentUrl":"https:\/\/beeplus.io\/blog\/wp-content\/uploads\/2024\/07\/Frame-34216-1.png","width":737,"height":488},{"@type":"BreadcrumbList","@id":"https:\/\/beeplus.io\/blog\/existe-vida-agil-fora-da-tecnologia\/#breadcrumb","itemListElement":[{"@type":"ListItem","position":1,"name":"In\u00edcio","item":"https:\/\/beeplus.io\/blog\/"},{"@type":"ListItem","position":2,"name":"Existe vida \u00e1gil fora da tecnologia?"}]},{"@type":"WebSite","@id":"https:\/\/beeplus.io\/blog\/#website","url":"https:\/\/beeplus.io\/blog\/","name":"BeePlus","description":"In agile we beelieve.","publisher":{"@id":"https:\/\/beeplus.io\/blog\/#organization"},"potentialAction":[{"@type":"SearchAction","target":{"@type":"EntryPoint","urlTemplate":"https:\/\/beeplus.io\/blog\/?s={search_term_string}"},"query-input":{"@type":"PropertyValueSpecification","valueRequired":true,"valueName":"search_term_string"}}],"inLanguage":"pt-BR"},{"@type":"Organization","@id":"https:\/\/beeplus.io\/blog\/#organization","name":"BeePlus","url":"https:\/\/beeplus.io\/blog\/","logo":{"@type":"ImageObject","inLanguage":"pt-BR","@id":"https:\/\/beeplus.io\/blog\/#\/schema\/logo\/image\/","url":"https:\/\/beeplus.io\/blog\/wp-content\/uploads\/2024\/07\/cropped-logo-color.png","contentUrl":"https:\/\/beeplus.io\/blog\/wp-content\/uploads\/2024\/07\/cropped-logo-color.png","width":429,"height":100,"caption":"BeePlus"},"image":{"@id":"https:\/\/beeplus.io\/blog\/#\/schema\/logo\/image\/"},"sameAs":["https:\/\/www.instagram.com\/beeplus.app\/"]},{"@type":"Person","@id":"https:\/\/beeplus.io\/blog\/#\/schema\/person\/9ace617870ba198fab37b245702be864","name":"Z\u00e9 Neto, CEO e Founder","url":"https:\/\/beeplus.io\/blog\/author\/rneto\/"}]}},"_links":{"self":[{"href":"https:\/\/beeplus.io\/blog\/wp-json\/wp\/v2\/posts\/11487","targetHints":{"allow":["GET"]}}],"collection":[{"href":"https:\/\/beeplus.io\/blog\/wp-json\/wp\/v2\/posts"}],"about":[{"href":"https:\/\/beeplus.io\/blog\/wp-json\/wp\/v2\/types\/post"}],"author":[{"embeddable":true,"href":"https:\/\/beeplus.io\/blog\/wp-json\/wp\/v2\/users\/5"}],"replies":[{"embeddable":true,"href":"https:\/\/beeplus.io\/blog\/wp-json\/wp\/v2\/comments?post=11487"}],"version-history":[{"count":12,"href":"https:\/\/beeplus.io\/blog\/wp-json\/wp\/v2\/posts\/11487\/revisions"}],"predecessor-version":[{"id":11947,"href":"https:\/\/beeplus.io\/blog\/wp-json\/wp\/v2\/posts\/11487\/revisions\/11947"}],"wp:featuredmedia":[{"embeddable":true,"href":"https:\/\/beeplus.io\/blog\/wp-json\/wp\/v2\/media\/11948"}],"wp:attachment":[{"href":"https:\/\/beeplus.io\/blog\/wp-json\/wp\/v2\/media?parent=11487"}],"wp:term":[{"taxonomy":"category","embeddable":true,"href":"https:\/\/beeplus.io\/blog\/wp-json\/wp\/v2\/categories?post=11487"},{"taxonomy":"post_tag","embeddable":true,"href":"https:\/\/beeplus.io\/blog\/wp-json\/wp\/v2\/tags?post=11487"}],"curies":[{"name":"wp","href":"https:\/\/api.w.org\/{rel}","templated":true}]}}